{"id":10550,"date":"2024-12-19T08:53:09","date_gmt":"2024-12-19T07:53:09","guid":{"rendered":"https:\/\/agora.xtec.cat\/ceipalbirka\/?p=10550"},"modified":"2024-12-19T08:53:09","modified_gmt":"2024-12-19T07:53:09","slug":"visita-de-la-higienista-bucodental-ci","status":"publish","type":"post","link":"https:\/\/agora.xtec.cat\/ceipalbirka\/general\/visita-de-la-higienista-bucodental-ci\/","title":{"rendered":"VISITA DE LA HIGIENISTA BUCODENTAL (CI)"},"content":{"rendered":"<p class=\"normal\" style=\"text-align: justify;\"><span lang=\"ca\">El passat dimarts dia 5 de novembre, l\u2019alumnat de I4, 1r i 5\u00e8 vam rebre la visita de la higienista bucodental del CAP de Les Borges Blanques. <\/span><\/p>\n<p class=\"normal\" style=\"text-align: justify;\"><span lang=\"ca\">Ens va explicar la import\u00e0ncia de tenir una bona higiene bucodental i quins s\u00f3n els passos que hem de seguir per fer una bona neteja de les nostres dents, aix\u00ed creixeran sanes i fortes. Aquest h\u00e0bit cal acompanyar-lo d\u2019una bona alimentaci\u00f3 equilibrada i variada.<\/span><\/p>\n<p class=\"normal\" style=\"text-align: justify;\"><span lang=\"ca\">DENTS NETES, DENTS SANES!<\/span><\/p>\n<p>Cliqueu a la imatge per veure les fotografies!!!<\/p>\n<p class=\"normal\" style=\"text-align: justify;\"><span lang=\"ca\"><a href=\"https:\/\/agora.xtec.cat\/ceipalbirka\/general\/fotografies-higienista-bucodental-ci\/\"><br \/>\n<img loading=\"lazy\" decoding=\"async\" class=\"aligncenter  wp-image-10551\" src=\"https:\/\/agora.xtec.cat\/ceipalbirka\/wp-content\/uploads\/usu298\/2024\/12\/Captura-de-pantalla-2024-12-19-085145.png\" alt=\"\" width=\"418\" height=\"173\" srcset=\"https:\/\/agora.xtec.cat\/ceipalbirka\/wp-content\/uploads\/usu298\/2024\/12\/Captura-de-pantalla-2024-12-19-085145.png 921w, https:\/\/agora.xtec.cat\/ceipalbirka\/wp-content\/uploads\/usu298\/2024\/12\/Captura-de-pantalla-2024-12-19-085145-300x124.png 300w, https:\/\/agora.xtec.cat\/ceipalbirka\/wp-content\/uploads\/usu298\/2024\/12\/Captura-de-pantalla-2024-12-19-085145-768x317.png 768w\" sizes=\"auto, (max-width: 418px) 100vw, 418px\" \/><\/a><\/span><\/p>\n<p>&nbsp;<\/p>\n","protected":false},"excerpt":{"rendered":"<p>El passat dimarts dia 5 de novembre, l\u2019alumnat de I4, 1r i 5\u00e8 vam rebre la visita de la higienista bucodental del CAP de Les Borges Blanques.<br \/>\nEns va explicar la import\u00e0ncia de tenir una bona higiene bucodental i quins s\u00f3n els passos que hem&hellip;  <a href=\"https:\/\/agora.xtec.cat\/ceipalbirka\/general\/visita-de-la-higienista-bucodental-ci\/\" title=\"Read VISITA DE LA HIGIENISTA BUCODENTAL (CI)\">Llegeix m\u00e9s\u00bb<\/a><\/p>\n","protected":false},"author":4,"featured_media":10551,"comment_status":"closed","ping_status":"closed","sticky":false,"template":"","format":"standard","meta":{"_bbp_topic_count":0,"_bbp_reply_count":0,"_bbp_total_topic_count":0,"_bbp_total_reply_count":0,"_bbp_voice_count":0,"_bbp_anonymous_reply_count":0,"_bbp_topic_count_hidden":0,"_bbp_reply_count_hidden":0,"_bbp_forum_subforum_count":0,"footnotes":""},"categories":[21,10,12,14,40,41,1,25,4,75],"tags":[],"class_list":["post-10550","post","type-post","status-publish","format-standard","has-post-thumbnail","hentry","category-activitats-generals","category-cicle-inicial","category-cicle-mitja","category-cicle-superior","category-infantil","category-primaria","category-general","category-informacions","category-portada","category-telegram"],"post_mailing_queue_ids":[],"_links":{"self":[{"href":"https:\/\/agora.xtec.cat\/ceipalbirka\/wp-json\/wp\/v2\/posts\/10550","targetHints":{"allow":["GET"]}}],"collection":[{"href":"https:\/\/agora.xtec.cat\/ceipalbirka\/wp-json\/wp\/v2\/posts"}],"about":[{"href":"https:\/\/agora.xtec.cat\/ceipalbirka\/wp-json\/wp\/v2\/types\/post"}],"author":[{"embeddable":true,"href":"https:\/\/agora.xtec.cat\/ceipalbirka\/wp-json\/wp\/v2\/users\/4"}],"replies":[{"embeddable":true,"href":"https:\/\/agora.xtec.cat\/ceipalbirka\/wp-json\/wp\/v2\/comments?post=10550"}],"version-history":[{"count":1,"href":"https:\/\/agora.xtec.cat\/ceipalbirka\/wp-json\/wp\/v2\/posts\/10550\/revisions"}],"predecessor-version":[{"id":10552,"href":"https:\/\/agora.xtec.cat\/ceipalbirka\/wp-json\/wp\/v2\/posts\/10550\/revisions\/10552"}],"wp:featuredmedia":[{"embeddable":true,"href":"https:\/\/agora.xtec.cat\/ceipalbirka\/wp-json\/wp\/v2\/media\/10551"}],"wp:attachment":[{"href":"https:\/\/agora.xtec.cat\/ceipalbirka\/wp-json\/wp\/v2\/media?parent=10550"}],"wp:term":[{"taxonomy":"category","embeddable":true,"href":"https:\/\/agora.xtec.cat\/ceipalbirka\/wp-json\/wp\/v2\/categories?post=10550"},{"taxonomy":"post_tag","embeddable":true,"href":"https:\/\/agora.xtec.cat\/ceipalbirka\/wp-json\/wp\/v2\/tags?post=10550"}],"curies":[{"name":"wp","href":"https:\/\/api.w.org\/{rel}","templated":true}]}}