{"id":10547,"date":"2024-12-19T08:50:50","date_gmt":"2024-12-19T07:50:50","guid":{"rendered":"https:\/\/agora.xtec.cat\/ceipalbirka\/?p=10547"},"modified":"2024-12-19T08:50:50","modified_gmt":"2024-12-19T07:50:50","slug":"el-malbaratament-alimentari-ci","status":"publish","type":"post","link":"https:\/\/agora.xtec.cat\/ceipalbirka\/general\/el-malbaratament-alimentari-ci\/","title":{"rendered":"El malbaratament alimentari (CI)"},"content":{"rendered":"<p align=\"justify\">Del 16 al 24 de novembre es va celebrar la XVI edici\u00f3 de la <b>Setmana europea de prevenci\u00f3 dels residus<\/b>. Aquest any, el tema principal ha estat el <b>malbaratament alimentari<\/b>, i amb el lema: <b>malbaratar alimentats \u00e9s del mal gust!<\/b><\/p>\n<p align=\"justify\"><span style=\"font-family: garamond, times new roman, serif;\">Els i les alumnes de primer cicle hem realitzat un conjunt d\u2019activitats per tal d\u2019afrontar el repte del malbaratament alimentari. Entre les diferents activitats, us en mostrem una de molt pr\u00e0ctica. Es tracta d\u2019una activitat que busca que els i les alumnes prenguin consci\u00e8ncia de la import\u00e0ncia del reaprofitament alimentari per tal d\u2019evitar que es malbarati menjar. En aquest cas es plantegen consells per aprofitar la fruita que est\u00e0 ben madura: un batut, un gelat de fruita, un suc, una melmelada o, tal i com mostren les fotografies, una maced\u00f2nia.<\/span><\/p>\n<p align=\"justify\">Cliqueu a la imatge per veure les fotografies!!<\/p>\n<p align=\"justify\"><a href=\"https:\/\/agora.xtec.cat\/ceipalbirka\/general\/fotografies-malbaratament-alimentari-ci\/\"><img loading=\"lazy\" decoding=\"async\" class=\"aligncenter  wp-image-10548\" src=\"https:\/\/agora.xtec.cat\/ceipalbirka\/wp-content\/uploads\/usu298\/2024\/12\/Captura-de-pantalla-2024-12-19-084925.png\" alt=\"\" width=\"415\" height=\"224\" srcset=\"https:\/\/agora.xtec.cat\/ceipalbirka\/wp-content\/uploads\/usu298\/2024\/12\/Captura-de-pantalla-2024-12-19-084925.png 724w, https:\/\/agora.xtec.cat\/ceipalbirka\/wp-content\/uploads\/usu298\/2024\/12\/Captura-de-pantalla-2024-12-19-084925-300x162.png 300w\" sizes=\"auto, (max-width: 415px) 100vw, 415px\" \/><\/a><\/p>\n<p align=\"justify\">\n","protected":false},"excerpt":{"rendered":"<p>Del 16 al 24 de novembre es va celebrar la XVI edici\u00f3 de la Setmana europea de prevenci\u00f3 dels residus. Aquest any, el tema principal ha estat el malbaratament alimentari, i amb el lema: malbaratar alimentats \u00e9s del mal gust!<br \/>\nEls i les alumnes de primer&hellip;  <a href=\"https:\/\/agora.xtec.cat\/ceipalbirka\/general\/el-malbaratament-alimentari-ci\/\" title=\"Read El malbaratament alimentari (CI)\">Llegeix m\u00e9s\u00bb<\/a><\/p>\n","protected":false},"author":4,"featured_media":10548,"comment_status":"closed","ping_status":"closed","sticky":false,"template":"","format":"standard","meta":{"_bbp_topic_count":0,"_bbp_reply_count":0,"_bbp_total_topic_count":0,"_bbp_total_reply_count":0,"_bbp_voice_count":0,"_bbp_anonymous_reply_count":0,"_bbp_topic_count_hidden":0,"_bbp_reply_count_hidden":0,"_bbp_forum_subforum_count":0,"footnotes":""},"categories":[21,10,12,14,40,41,1,25,4,27,75],"tags":[],"class_list":["post-10547","post","type-post","status-publish","format-standard","has-post-thumbnail","hentry","category-activitats-generals","category-cicle-inicial","category-cicle-mitja","category-cicle-superior","category-infantil","category-primaria","category-general","category-informacions","category-portada","category-el-raco-verd","category-telegram"],"post_mailing_queue_ids":[],"_links":{"self":[{"href":"https:\/\/agora.xtec.cat\/ceipalbirka\/wp-json\/wp\/v2\/posts\/10547","targetHints":{"allow":["GET"]}}],"collection":[{"href":"https:\/\/agora.xtec.cat\/ceipalbirka\/wp-json\/wp\/v2\/posts"}],"about":[{"href":"https:\/\/agora.xtec.cat\/ceipalbirka\/wp-json\/wp\/v2\/types\/post"}],"author":[{"embeddable":true,"href":"https:\/\/agora.xtec.cat\/ceipalbirka\/wp-json\/wp\/v2\/users\/4"}],"replies":[{"embeddable":true,"href":"https:\/\/agora.xtec.cat\/ceipalbirka\/wp-json\/wp\/v2\/comments?post=10547"}],"version-history":[{"count":1,"href":"https:\/\/agora.xtec.cat\/ceipalbirka\/wp-json\/wp\/v2\/posts\/10547\/revisions"}],"predecessor-version":[{"id":10549,"href":"https:\/\/agora.xtec.cat\/ceipalbirka\/wp-json\/wp\/v2\/posts\/10547\/revisions\/10549"}],"wp:featuredmedia":[{"embeddable":true,"href":"https:\/\/agora.xtec.cat\/ceipalbirka\/wp-json\/wp\/v2\/media\/10548"}],"wp:attachment":[{"href":"https:\/\/agora.xtec.cat\/ceipalbirka\/wp-json\/wp\/v2\/media?parent=10547"}],"wp:term":[{"taxonomy":"category","embeddable":true,"href":"https:\/\/agora.xtec.cat\/ceipalbirka\/wp-json\/wp\/v2\/categories?post=10547"},{"taxonomy":"post_tag","embeddable":true,"href":"https:\/\/agora.xtec.cat\/ceipalbirka\/wp-json\/wp\/v2\/tags?post=10547"}],"curies":[{"name":"wp","href":"https:\/\/api.w.org\/{rel}","templated":true}]}}