{"id":10534,"date":"2024-12-17T15:15:10","date_gmt":"2024-12-17T14:15:10","guid":{"rendered":"https:\/\/agora.xtec.cat\/ceipalbirka\/?p=10534"},"modified":"2024-12-17T15:15:10","modified_gmt":"2024-12-17T14:15:10","slug":"la-veu-de-lalbirka-a-la-radio","status":"publish","type":"post","link":"https:\/\/agora.xtec.cat\/ceipalbirka\/general\/la-veu-de-lalbirka-a-la-radio\/","title":{"rendered":"La veu de l\u2019Albirka a la R\u00e0dio!!"},"content":{"rendered":"<p style=\"text-align: justify;\">Al llarg d\u2019aquest primer trimestre, els nostres alumnes han tingut l\u2019oportunitat de fer sentir la seva veu m\u00e9s enll\u00e0 de les parets de l\u2019escola gr\u00e0cies a les visites a la r\u00e0dio local. Ha estat una experi\u00e8ncia molt enriquidora on els infants han pogut compartir les not\u00edcies m\u00e9s destacades de l\u2019escola amb tot el poble.<\/p>\n<p style=\"text-align: justify;\">Durant aquestes visites, els alumnes han preparat amb il\u00b7lusi\u00f3 els continguts que han llegit en directe, informant sobre activitats, projectes i esdeveniments que hem anat realitzant a l\u2019escola. \u00c9s una manera fant\u00e0stica de donar a con\u00e8ixer la feina que fem i, alhora, de fomentar compet\u00e8ncies com l\u2019expressi\u00f3 oral, la lectura en veu alta i el treball en equip.<\/p>\n<p style=\"text-align: justify;\">Aquest trimestre, han estat protagonistes del programa els alumnes de <strong>cinqu\u00e8<\/strong>, els d\u2019<strong>i5<\/strong>, <strong>mig grup de tercer<\/strong> i <strong>mig grup de quart<\/strong>. Tots ells ho han fet d\u2019all\u00f2 m\u00e9s b\u00e9 i han demostrat que els nervis no poden amb les ganes de comunicar-se! Cada grup ha posat el seu toc personal, fent de cada emissi\u00f3 un moment especial.<\/p>\n<p style=\"text-align: justify;\">Des de l\u2019escola, valorem molt positivament aquestes sortides, ja que creen un vincle molt bonic amb la comunitat, permeten que les fam\u00edlies estiguin informades i fan que els alumnes visquin una experi\u00e8ncia diferent i motivadora.<\/p>\n<p style=\"text-align: justify;\">Gr\u00e0cies a la r\u00e0dio local per obrir-nos les portes i oferir-nos aquest espai tan valu\u00f3s. Continuarem fent sentir la nostra veu trimestre rere trimestre!<\/p>\n<p><strong>Seguim informant&#8230; i en antena!<\/strong> \u260e\ufe0f\ud83c\udf93<\/p>\n<p>Cliqueu <a href=\"https:\/\/agora.xtec.cat\/ceipalbirka\/general\/fotografies-radio-1r-trimestre\/\">AQU\u00cd<\/a> per veure les fotografies!!!<\/p>\n","protected":false},"excerpt":{"rendered":"<p>Al llarg d\u2019aquest primer trimestre, els nostres alumnes han tingut l\u2019oportunitat de fer sentir la seva veu m\u00e9s enll\u00e0 de les parets de l\u2019escola gr\u00e0cies a les visites a la r\u00e0dio local. Ha estat una experi\u00e8ncia molt enriquidora on els infants han pogut compartir les&hellip;  <a href=\"https:\/\/agora.xtec.cat\/ceipalbirka\/general\/la-veu-de-lalbirka-a-la-radio\/\" title=\"Read La veu de l\u2019Albirka a la R\u00e0dio!!\">Llegeix m\u00e9s\u00bb<\/a><\/p>\n","protected":false},"author":4,"featured_media":10536,"comment_status":"closed","ping_status":"closed","sticky":false,"template":"","format":"standard","meta":{"_bbp_topic_count":0,"_bbp_reply_count":0,"_bbp_total_topic_count":0,"_bbp_total_reply_count":0,"_bbp_voice_count":0,"_bbp_anonymous_reply_count":0,"_bbp_topic_count_hidden":0,"_bbp_reply_count_hidden":0,"_bbp_forum_subforum_count":0,"footnotes":""},"categories":[21,10,12,14,40,41,1,25,4,75],"tags":[],"class_list":["post-10534","post","type-post","status-publish","format-standard","has-post-thumbnail","hentry","category-activitats-generals","category-cicle-inicial","category-cicle-mitja","category-cicle-superior","category-infantil","category-primaria","category-general","category-informacions","category-portada","category-telegram"],"post_mailing_queue_ids":[],"_links":{"self":[{"href":"https:\/\/agora.xtec.cat\/ceipalbirka\/wp-json\/wp\/v2\/posts\/10534","targetHints":{"allow":["GET"]}}],"collection":[{"href":"https:\/\/agora.xtec.cat\/ceipalbirka\/wp-json\/wp\/v2\/posts"}],"about":[{"href":"https:\/\/agora.xtec.cat\/ceipalbirka\/wp-json\/wp\/v2\/types\/post"}],"author":[{"embeddable":true,"href":"https:\/\/agora.xtec.cat\/ceipalbirka\/wp-json\/wp\/v2\/users\/4"}],"replies":[{"embeddable":true,"href":"https:\/\/agora.xtec.cat\/ceipalbirka\/wp-json\/wp\/v2\/comments?post=10534"}],"version-history":[{"count":1,"href":"https:\/\/agora.xtec.cat\/ceipalbirka\/wp-json\/wp\/v2\/posts\/10534\/revisions"}],"predecessor-version":[{"id":10537,"href":"https:\/\/agora.xtec.cat\/ceipalbirka\/wp-json\/wp\/v2\/posts\/10534\/revisions\/10537"}],"wp:featuredmedia":[{"embeddable":true,"href":"https:\/\/agora.xtec.cat\/ceipalbirka\/wp-json\/wp\/v2\/media\/10536"}],"wp:attachment":[{"href":"https:\/\/agora.xtec.cat\/ceipalbirka\/wp-json\/wp\/v2\/media?parent=10534"}],"wp:term":[{"taxonomy":"category","embeddable":true,"href":"https:\/\/agora.xtec.cat\/ceipalbirka\/wp-json\/wp\/v2\/categories?post=10534"},{"taxonomy":"post_tag","embeddable":true,"href":"https:\/\/agora.xtec.cat\/ceipalbirka\/wp-json\/wp\/v2\/tags?post=10534"}],"curies":[{"name":"wp","href":"https:\/\/api.w.org\/{rel}","templated":true}]}}