{"id":10521,"date":"2024-12-16T12:51:58","date_gmt":"2024-12-16T11:51:58","guid":{"rendered":"https:\/\/agora.xtec.cat\/ceipalbirka\/?p=10521"},"modified":"2024-12-16T13:20:48","modified_gmt":"2024-12-16T12:20:48","slug":"felicitacio-de-nadal-24-25","status":"publish","type":"post","link":"https:\/\/agora.xtec.cat\/ceipalbirka\/general\/felicitacio-de-nadal-24-25\/","title":{"rendered":"FELICITACI\u00d3 DE NADAL 24\/25"},"content":{"rendered":"<p style=\"text-align: justify;\"><strong>Aquest Nadal, tot capgira a l\u2019Escola Albirka!<\/strong><br \/>\nHeu vist mai els mestres convertits en alumnes o els m\u00e9s petits fent de grans? Aquest any, la nostra felicitaci\u00f3 de Nadal \u00e9s una divertida revoluci\u00f3: un v\u00eddeo ple de moments entranyables, somriures i molta m\u00e0gia nadalenca. Cliqueu a la imatge per veure com, aquest Nadal, <em>cap ovella queda al seu corral!<\/em><\/p>\n<p style=\"text-align: justify;\"><a href=\"https:\/\/agora.xtec.cat\/ceipalbirka\/general\/video-felicitacio-nadal\/\"><img loading=\"lazy\" decoding=\"async\" class=\"aligncenter wp-image-10522\" src=\"https:\/\/agora.xtec.cat\/ceipalbirka\/wp-content\/uploads\/usu298\/2024\/12\/Captura-de-pantalla-2024-12-16-123900-1024x550.png\" alt=\"\" width=\"270\" height=\"145\" srcset=\"https:\/\/agora.xtec.cat\/ceipalbirka\/wp-content\/uploads\/usu298\/2024\/12\/Captura-de-pantalla-2024-12-16-123900-1024x550.png 1024w, https:\/\/agora.xtec.cat\/ceipalbirka\/wp-content\/uploads\/usu298\/2024\/12\/Captura-de-pantalla-2024-12-16-123900-300x161.png 300w, https:\/\/agora.xtec.cat\/ceipalbirka\/wp-content\/uploads\/usu298\/2024\/12\/Captura-de-pantalla-2024-12-16-123900-768x412.png 768w, https:\/\/agora.xtec.cat\/ceipalbirka\/wp-content\/uploads\/usu298\/2024\/12\/Captura-de-pantalla-2024-12-16-123900-1536x824.png 1536w, https:\/\/agora.xtec.cat\/ceipalbirka\/wp-content\/uploads\/usu298\/2024\/12\/Captura-de-pantalla-2024-12-16-123900.png 1893w\" sizes=\"auto, (max-width: 270px) 100vw, 270px\" \/><\/a><\/p>\n","protected":false},"excerpt":{"rendered":"<p>Aquest Nadal, tot capgira a l\u2019Escola Albirka!<br \/>\nHeu vist mai els mestres convertits en alumnes o els m\u00e9s petits fent de grans? Aquest any, la nostra felicitaci\u00f3 de Nadal \u00e9s una divertida revoluci\u00f3: un v\u00eddeo ple de moments entranyables, somriures i molta m\u00e0gia nadalenca. Cliqueu a&hellip;  <a href=\"https:\/\/agora.xtec.cat\/ceipalbirka\/general\/felicitacio-de-nadal-24-25\/\" title=\"Read FELICITACI\u00d3 DE NADAL 24\/25\">Llegeix m\u00e9s\u00bb<\/a><\/p>\n","protected":false},"author":4,"featured_media":10523,"comment_status":"closed","ping_status":"closed","sticky":false,"template":"","format":"standard","meta":{"_bbp_topic_count":0,"_bbp_reply_count":0,"_bbp_total_topic_count":0,"_bbp_total_reply_count":0,"_bbp_voice_count":0,"_bbp_anonymous_reply_count":0,"_bbp_topic_count_hidden":0,"_bbp_reply_count_hidden":0,"_bbp_forum_subforum_count":0,"footnotes":""},"categories":[21,7,36,10,12,14,40,41,38,35,24,1,25,37,4,26,27,39,75],"tags":[],"class_list":["post-10521","post","type-post","status-publish","format-standard","has-post-thumbnail","hentry","category-activitats-generals","category-ampa","category-angles","category-cicle-inicial","category-cicle-mitja","category-cicle-superior","category-infantil","category-primaria","category-educacio-especial","category-educacio-fisica","category-els-oficis","category-general","category-informacions","category-musica","category-portada","category-raco-literari","category-el-raco-verd","category-religio","category-telegram"],"post_mailing_queue_ids":[],"_links":{"self":[{"href":"https:\/\/agora.xtec.cat\/ceipalbirka\/wp-json\/wp\/v2\/posts\/10521","targetHints":{"allow":["GET"]}}],"collection":[{"href":"https:\/\/agora.xtec.cat\/ceipalbirka\/wp-json\/wp\/v2\/posts"}],"about":[{"href":"https:\/\/agora.xtec.cat\/ceipalbirka\/wp-json\/wp\/v2\/types\/post"}],"author":[{"embeddable":true,"href":"https:\/\/agora.xtec.cat\/ceipalbirka\/wp-json\/wp\/v2\/users\/4"}],"replies":[{"embeddable":true,"href":"https:\/\/agora.xtec.cat\/ceipalbirka\/wp-json\/wp\/v2\/comments?post=10521"}],"version-history":[{"count":1,"href":"https:\/\/agora.xtec.cat\/ceipalbirka\/wp-json\/wp\/v2\/posts\/10521\/revisions"}],"predecessor-version":[{"id":10524,"href":"https:\/\/agora.xtec.cat\/ceipalbirka\/wp-json\/wp\/v2\/posts\/10521\/revisions\/10524"}],"wp:featuredmedia":[{"embeddable":true,"href":"https:\/\/agora.xtec.cat\/ceipalbirka\/wp-json\/wp\/v2\/media\/10523"}],"wp:attachment":[{"href":"https:\/\/agora.xtec.cat\/ceipalbirka\/wp-json\/wp\/v2\/media?parent=10521"}],"wp:term":[{"taxonomy":"category","embeddable":true,"href":"https:\/\/agora.xtec.cat\/ceipalbirka\/wp-json\/wp\/v2\/categories?post=10521"},{"taxonomy":"post_tag","embeddable":true,"href":"https:\/\/agora.xtec.cat\/ceipalbirka\/wp-json\/wp\/v2\/tags?post=10521"}],"curies":[{"name":"wp","href":"https:\/\/api.w.org\/{rel}","templated":true}]}}