{"id":10488,"date":"2024-12-09T13:14:36","date_gmt":"2024-12-09T12:14:36","guid":{"rendered":"https:\/\/agora.xtec.cat\/ceipalbirka\/?p=10488"},"modified":"2024-12-09T13:14:36","modified_gmt":"2024-12-09T12:14:36","slug":"spiderman-challenge-24-25","status":"publish","type":"post","link":"https:\/\/agora.xtec.cat\/ceipalbirka\/general\/spiderman-challenge-24-25\/","title":{"rendered":"Spiderman Challenge 24\/25"},"content":{"rendered":"<div class=\"flex-shrink-0 flex flex-col relative items-end\">\n<div>\n<div class=\"pt-0\">\n<div class=\"gizmo-bot-avatar flex h-8 w-8 items-center justify-center overflow-hidden rounded-full\">\n<div class=\"relative p-1 rounded-sm flex items-center justify-center bg-token-main-surface-primary text-token-text-primary h-8 w-8\"><strong style=\"font-family: inherit; font-size: 1em;\">Gran \u00e8xit a l\u2019Spiderman Challenge Albirka 2024!<\/strong><span style=\"font-family: inherit; font-size: 1em;\"> \ud83d\udd77\ufe0f<\/span><\/div>\n<\/div>\n<\/div>\n<\/div>\n<\/div>\n<div class=\"group\/conversation-turn relative flex w-full min-w-0 flex-col agent-turn\">\n<div class=\"flex-col gap-1 md:gap-3\">\n<div class=\"flex max-w-full flex-col flex-grow\">\n<div class=\"min-h-8 text-message flex w-full flex-col items-end gap-2 whitespace-normal break-words text-start [.text-message+&amp;]:mt-5\" dir=\"auto\" data-message-author-role=\"assistant\" data-message-id=\"904480ed-0967-4500-8bfe-d110fdfcdacc\" data-message-model-slug=\"gpt-4o\">\n<div class=\"flex w-full flex-col gap-1 empty:hidden first:pt-[3px]\">\n<div class=\"markdown prose w-full break-words dark:prose-invert dark\">\n<p style=\"text-align: justify;\">La setmana passada vam viure una jornada plena d&#8217;emoci\u00f3, adrenalina i molt bon ambient amb l\u2019esperada competici\u00f3 <strong>Spiderman Challenge Albirka<\/strong>, un circuit d\u2019agilitat ple d\u2019obstacles on els alumnes de prim\u00e0ria van demostrar les seves habilitats, rapidesa i esperit esportiu.<\/p>\n<p style=\"text-align: justify;\">Aquesta activitat, que ja s\u2019ha convertit en una tradici\u00f3 a la nostra escola, reuneix els millors classificats de les classes d\u2019educaci\u00f3 f\u00edsica per competir en un entorn que promou la sana competici\u00f3, el respecte i el companyerisme.<\/p>\n<p style=\"text-align: justify;\">Els participants van estar molt motivats i van donar el millor de si mateixos en cada repte del circuit, animats pels seus companys i mestres. La il\u00b7lusi\u00f3 i l\u2019esfor\u00e7 van ser protagonistes durant tot l\u2019esdeveniment, per\u00f2 tamb\u00e9 vam tenir moments de gran espectacularitat i diversi\u00f3.<\/p>\n<p style=\"text-align: justify;\">\ud83c\udf89 <strong>Podi de guanyadors 2024<\/strong>:<\/p>\n<ul style=\"text-align: justify;\">\n<li>\ud83e\udd47 <strong>Rut (5\u00e8)<\/strong> \u2013 Primera classificada amb una actuaci\u00f3 impecable!<\/li>\n<li>\ud83e\udd48 <strong>Violant (6\u00e8)<\/strong> \u2013 Segona posici\u00f3 amb una gran demostraci\u00f3 d\u2019agilitat!<\/li>\n<li>\ud83e\udd49 <strong>Joan (6\u00e8)<\/strong> \u2013 Tercer lloc amb un temps excel\u00b7lent!<\/li>\n<\/ul>\n<p style=\"text-align: justify;\">Des de l\u2019escola, volem felicitar no nom\u00e9s els guanyadors, sin\u00f3 tots els participants per la seva implicaci\u00f3 i entusiasme. Gr\u00e0cies a tots els que heu fet possible aquesta competici\u00f3 tan especial. Ja esperem amb ganes la pr\u00f2xima edici\u00f3!<\/p>\n<p>Feu CLIC a la fotografia per veure el muntatge de v\u00eddeo!<\/p>\n<p><a href=\"https:\/\/agora.xtec.cat\/ceipalbirka\/general\/video-spiderman-challenge\/\"><img loading=\"lazy\" decoding=\"async\" class=\"aligncenter  wp-image-9648\" src=\"https:\/\/agora.xtec.cat\/ceipalbirka\/wp-content\/uploads\/usu298\/2023\/11\/a371d0da1497ed29db090f69bb767782.jpg\" alt=\"\" width=\"176\" height=\"176\" srcset=\"https:\/\/agora.xtec.cat\/ceipalbirka\/wp-content\/uploads\/usu298\/2023\/11\/a371d0da1497ed29db090f69bb767782.jpg 500w, https:\/\/agora.xtec.cat\/ceipalbirka\/wp-content\/uploads\/usu298\/2023\/11\/a371d0da1497ed29db090f69bb767782-300x300.jpg 300w, https:\/\/agora.xtec.cat\/ceipalbirka\/wp-content\/uploads\/usu298\/2023\/11\/a371d0da1497ed29db090f69bb767782-150x150.jpg 150w\" sizes=\"auto, (max-width: 176px) 100vw, 176px\" \/><\/a><\/p>\n<p>&nbsp;<\/p>\n<\/div>\n<\/div>\n<\/div>\n<\/div>\n<\/div>\n<\/div>\n","protected":false},"excerpt":{"rendered":"<p>Gran \u00e8xit a l\u2019Spiderman Challenge Albirka 2024! \ud83d\udd77\ufe0f<\/p>\n<p>La setmana passada vam viure una jornada plena d&#8217;emoci\u00f3, adrenalina i molt bon ambient amb l\u2019esperada competici\u00f3 Spiderman Challenge Albirka, un circuit d\u2019agilitat ple d\u2019obstacles on els alumnes de prim\u00e0ria van demostrar les seves habilitats, rapidesa i esperit&hellip;  <a href=\"https:\/\/agora.xtec.cat\/ceipalbirka\/general\/spiderman-challenge-24-25\/\" title=\"Read Spiderman Challenge 24\/25\">Llegeix m\u00e9s\u00bb<\/a><\/p>\n","protected":false},"author":4,"featured_media":9647,"comment_status":"closed","ping_status":"closed","sticky":false,"template":"","format":"standard","meta":{"_bbp_topic_count":0,"_bbp_reply_count":0,"_bbp_total_topic_count":0,"_bbp_total_reply_count":0,"_bbp_voice_count":0,"_bbp_anonymous_reply_count":0,"_bbp_topic_count_hidden":0,"_bbp_reply_count_hidden":0,"_bbp_forum_subforum_count":0,"footnotes":""},"categories":[21,10,12,14,41,35,1,25,4,75],"tags":[],"class_list":["post-10488","post","type-post","status-publish","format-standard","has-post-thumbnail","hentry","category-activitats-generals","category-cicle-inicial","category-cicle-mitja","category-cicle-superior","category-primaria","category-educacio-fisica","category-general","category-informacions","category-portada","category-telegram"],"post_mailing_queue_ids":[],"_links":{"self":[{"href":"https:\/\/agora.xtec.cat\/ceipalbirka\/wp-json\/wp\/v2\/posts\/10488","targetHints":{"allow":["GET"]}}],"collection":[{"href":"https:\/\/agora.xtec.cat\/ceipalbirka\/wp-json\/wp\/v2\/posts"}],"about":[{"href":"https:\/\/agora.xtec.cat\/ceipalbirka\/wp-json\/wp\/v2\/types\/post"}],"author":[{"embeddable":true,"href":"https:\/\/agora.xtec.cat\/ceipalbirka\/wp-json\/wp\/v2\/users\/4"}],"replies":[{"embeddable":true,"href":"https:\/\/agora.xtec.cat\/ceipalbirka\/wp-json\/wp\/v2\/comments?post=10488"}],"version-history":[{"count":1,"href":"https:\/\/agora.xtec.cat\/ceipalbirka\/wp-json\/wp\/v2\/posts\/10488\/revisions"}],"predecessor-version":[{"id":10489,"href":"https:\/\/agora.xtec.cat\/ceipalbirka\/wp-json\/wp\/v2\/posts\/10488\/revisions\/10489"}],"wp:featuredmedia":[{"embeddable":true,"href":"https:\/\/agora.xtec.cat\/ceipalbirka\/wp-json\/wp\/v2\/media\/9647"}],"wp:attachment":[{"href":"https:\/\/agora.xtec.cat\/ceipalbirka\/wp-json\/wp\/v2\/media?parent=10488"}],"wp:term":[{"taxonomy":"category","embeddable":true,"href":"https:\/\/agora.xtec.cat\/ceipalbirka\/wp-json\/wp\/v2\/categories?post=10488"},{"taxonomy":"post_tag","embeddable":true,"href":"https:\/\/agora.xtec.cat\/ceipalbirka\/wp-json\/wp\/v2\/tags?post=10488"}],"curies":[{"name":"wp","href":"https:\/\/api.w.org\/{rel}","templated":true}]}}