{"id":10415,"date":"2024-11-21T11:01:18","date_gmt":"2024-11-21T10:01:18","guid":{"rendered":"https:\/\/agora.xtec.cat\/ceipalbirka\/?p=10415"},"modified":"2024-11-21T11:01:18","modified_gmt":"2024-11-21T10:01:18","slug":"jornades-esportives-desembre","status":"publish","type":"post","link":"https:\/\/agora.xtec.cat\/ceipalbirka\/general\/jornades-esportives-desembre\/","title":{"rendered":"JORNADES ESPORTIVES DESEMBRE"},"content":{"rendered":"<p style=\"font-weight: 400; text-align: justify;\">Bon dia,<\/p>\n<p style=\"font-weight: 400; text-align: justify;\">Us fem arribar les jornades del mes de Desembre, juntament amb el full del transport, la inscripci\u00f3 del cros i la info de la 2\u00aa jornada d\u2019Esport i familia.<\/p>\n<p style=\"font-weight: 400; text-align: justify;\">Aquest mes farem la segona jornada d\u2019ESPORT I FAM\u00cdLIA a Arbeca. Us passem el cartell de la jornada i l\u2019enlla\u00e7 per on podreu fer les inscripcions directament les fam\u00edlies.<\/p>\n<p><a href=\"https:\/\/agora.xtec.cat\/ceipalbirka\/wp-content\/uploads\/usu298\/2024\/11\/Captura-de-pantalla-2024-11-21-a-las-11.00.06.png\"><img loading=\"lazy\" decoding=\"async\" class=\"aligncenter  wp-image-10418\" src=\"https:\/\/agora.xtec.cat\/ceipalbirka\/wp-content\/uploads\/usu298\/2024\/11\/Captura-de-pantalla-2024-11-21-a-las-11.00.06-658x1024.png\" alt=\"\" width=\"552\" height=\"859\" srcset=\"https:\/\/agora.xtec.cat\/ceipalbirka\/wp-content\/uploads\/usu298\/2024\/11\/Captura-de-pantalla-2024-11-21-a-las-11.00.06-658x1024.png 658w, https:\/\/agora.xtec.cat\/ceipalbirka\/wp-content\/uploads\/usu298\/2024\/11\/Captura-de-pantalla-2024-11-21-a-las-11.00.06-193x300.png 193w, https:\/\/agora.xtec.cat\/ceipalbirka\/wp-content\/uploads\/usu298\/2024\/11\/Captura-de-pantalla-2024-11-21-a-las-11.00.06-768x1195.png 768w, https:\/\/agora.xtec.cat\/ceipalbirka\/wp-content\/uploads\/usu298\/2024\/11\/Captura-de-pantalla-2024-11-21-a-las-11.00.06-987x1536.png 987w, https:\/\/agora.xtec.cat\/ceipalbirka\/wp-content\/uploads\/usu298\/2024\/11\/Captura-de-pantalla-2024-11-21-a-las-11.00.06.png 996w\" sizes=\"auto, (max-width: 552px) 100vw, 552px\" \/><\/a><\/p>\n<p style=\"font-weight: 400; text-align: justify;\"><strong><a href=\"https:\/\/forms.gle\/bjrdz4kgQT7abFCF7\" data-saferedirecturl=\"https:\/\/www.google.com\/url?q=https:\/\/forms.gle\/bjrdz4kgQT7abFCF7&amp;source=gmail&amp;ust=1732268308663000&amp;usg=AOvVaw1x9A_5YCWuP4Up-gl1wJ3A\">https:\/\/forms.gle\/bjrdz4kgQT7abFCF7<\/a><\/strong><\/p>\n<p>Aqu\u00ed teniu el cartell de totes les jornades. I l&#8217;enlla\u00e7 per fer la inscripci\u00f3 al Cros de Tremp de manera online.<\/p>\n<p><strong><a href=\"https:\/\/forms.gle\/pdFnRcc8z66bg1758\">https:\/\/forms.gle\/pdFnRcc8z66bg1758<\/a><\/strong><\/p>\n<p style=\"text-align: justify;\"><a href=\"https:\/\/agora.xtec.cat\/ceipalbirka\/wp-content\/uploads\/usu298\/2024\/11\/Captura-de-pantalla-2024-11-21-a-las-10.52.35.png\"><img loading=\"lazy\" decoding=\"async\" class=\"wp-image-10416 aligncenter\" src=\"https:\/\/agora.xtec.cat\/ceipalbirka\/wp-content\/uploads\/usu298\/2024\/11\/Captura-de-pantalla-2024-11-21-a-las-10.52.35-1024x730.png\" alt=\"\" width=\"787\" height=\"561\" srcset=\"https:\/\/agora.xtec.cat\/ceipalbirka\/wp-content\/uploads\/usu298\/2024\/11\/Captura-de-pantalla-2024-11-21-a-las-10.52.35-1024x730.png 1024w, https:\/\/agora.xtec.cat\/ceipalbirka\/wp-content\/uploads\/usu298\/2024\/11\/Captura-de-pantalla-2024-11-21-a-las-10.52.35-300x214.png 300w, https:\/\/agora.xtec.cat\/ceipalbirka\/wp-content\/uploads\/usu298\/2024\/11\/Captura-de-pantalla-2024-11-21-a-las-10.52.35-768x547.png 768w, https:\/\/agora.xtec.cat\/ceipalbirka\/wp-content\/uploads\/usu298\/2024\/11\/Captura-de-pantalla-2024-11-21-a-las-10.52.35-1536x1094.png 1536w, https:\/\/agora.xtec.cat\/ceipalbirka\/wp-content\/uploads\/usu298\/2024\/11\/Captura-de-pantalla-2024-11-21-a-las-10.52.35.png 1586w\" sizes=\"auto, (max-width: 787px) 100vw, 787px\" \/><\/a><\/p>\n<p style=\"text-align: justify;\">\n<p style=\"text-align: justify;\"><a href=\"https:\/\/agora.xtec.cat\/ceipalbirka\/wp-content\/uploads\/usu298\/2024\/11\/JORNADES-JEEC-DESEMBRE.pdf\">JORNADES JEEC DESEMBRE<\/a><\/p>\n<p style=\"font-weight: 400; text-align: justify;\">Salutacions,<\/p>\n","protected":false},"excerpt":{"rendered":"<p>Bon dia,<br \/>\nUs fem arribar les jornades del mes de Desembre, juntament amb el full del transport, la inscripci\u00f3 del cros i la info de la 2\u00aa jornada d\u2019Esport i familia.<br \/>\nAquest mes farem la segona jornada d\u2019ESPORT I FAM\u00cdLIA a Arbeca. Us passem el cartell de&hellip;  <a href=\"https:\/\/agora.xtec.cat\/ceipalbirka\/general\/jornades-esportives-desembre\/\" title=\"Read JORNADES ESPORTIVES DESEMBRE\">Llegeix m\u00e9s\u00bb<\/a><\/p>\n","protected":false},"author":4,"featured_media":10346,"comment_status":"closed","ping_status":"closed","sticky":false,"template":"","format":"standard","meta":{"_bbp_topic_count":0,"_bbp_reply_count":0,"_bbp_total_topic_count":0,"_bbp_total_reply_count":0,"_bbp_voice_count":0,"_bbp_anonymous_reply_count":0,"_bbp_topic_count_hidden":0,"_bbp_reply_count_hidden":0,"_bbp_forum_subforum_count":0,"footnotes":""},"categories":[21,10,12,14,40,41,35,1,25,4,75],"tags":[],"class_list":["post-10415","post","type-post","status-publish","format-standard","has-post-thumbnail","hentry","category-activitats-generals","category-cicle-inicial","category-cicle-mitja","category-cicle-superior","category-infantil","category-primaria","category-educacio-fisica","category-general","category-informacions","category-portada","category-telegram"],"post_mailing_queue_ids":[],"_links":{"self":[{"href":"https:\/\/agora.xtec.cat\/ceipalbirka\/wp-json\/wp\/v2\/posts\/10415","targetHints":{"allow":["GET"]}}],"collection":[{"href":"https:\/\/agora.xtec.cat\/ceipalbirka\/wp-json\/wp\/v2\/posts"}],"about":[{"href":"https:\/\/agora.xtec.cat\/ceipalbirka\/wp-json\/wp\/v2\/types\/post"}],"author":[{"embeddable":true,"href":"https:\/\/agora.xtec.cat\/ceipalbirka\/wp-json\/wp\/v2\/users\/4"}],"replies":[{"embeddable":true,"href":"https:\/\/agora.xtec.cat\/ceipalbirka\/wp-json\/wp\/v2\/comments?post=10415"}],"version-history":[{"count":1,"href":"https:\/\/agora.xtec.cat\/ceipalbirka\/wp-json\/wp\/v2\/posts\/10415\/revisions"}],"predecessor-version":[{"id":10419,"href":"https:\/\/agora.xtec.cat\/ceipalbirka\/wp-json\/wp\/v2\/posts\/10415\/revisions\/10419"}],"wp:featuredmedia":[{"embeddable":true,"href":"https:\/\/agora.xtec.cat\/ceipalbirka\/wp-json\/wp\/v2\/media\/10346"}],"wp:attachment":[{"href":"https:\/\/agora.xtec.cat\/ceipalbirka\/wp-json\/wp\/v2\/media?parent=10415"}],"wp:term":[{"taxonomy":"category","embeddable":true,"href":"https:\/\/agora.xtec.cat\/ceipalbirka\/wp-json\/wp\/v2\/categories?post=10415"},{"taxonomy":"post_tag","embeddable":true,"href":"https:\/\/agora.xtec.cat\/ceipalbirka\/wp-json\/wp\/v2\/tags?post=10415"}],"curies":[{"name":"wp","href":"https:\/\/api.w.org\/{rel}","templated":true}]}}