{"id":10405,"date":"2024-11-20T08:44:18","date_gmt":"2024-11-20T07:44:18","guid":{"rendered":"https:\/\/agora.xtec.cat\/ceipalbirka\/?p=10405"},"modified":"2025-09-08T09:10:39","modified_gmt":"2025-09-08T07:10:39","slug":"lapadrinament-lector-en-marxa-de-nou-ci-cs","status":"publish","type":"post","link":"https:\/\/agora.xtec.cat\/ceipalbirka\/general\/lapadrinament-lector-en-marxa-de-nou-ci-cs\/","title":{"rendered":"L\u2019APADRINAMENT LECTOR, EN MARXA DE NOU! (CI-CS)"},"content":{"rendered":"<p style=\"text-align: justify;\" align=\"justify\"><span style=\"font-size: large;\">Hola, nenes i nens!<\/span><\/p>\n<p style=\"text-align: justify;\">Soc la Quina, la mascota de la biblioteca de l\u2019escola Albirka.<\/p>\n<p style=\"text-align: justify;\">Em trobareu cada dia al rac\u00f3 de l\u2019Apadrinament lector, on hi estic molt a gust. I sabeu per qu\u00e8? Perqu\u00e8 m\u2019encanta que l\u2019alumnat de sis\u00e8 faci lectura amb el de segon.<\/p>\n<p style=\"text-align: justify;\">Avui us presentar\u00e9 els vostres companys de lectura per aquest curs: padrins i apadrinats. Us lliurar\u00e9 un carnet, un llibret on podreu registrar les activitats i lectures que aneu realitzant i tamb\u00e9 el conte que necessitareu per gaudir plegats de la lectura.<\/p>\n<p style=\"text-align: justify;\">Segur que aquesta experi\u00e8ncia ser\u00e0 molt engrescadora per a tothom. Segur que se\u2019ns encomanar\u00e0 el plaer per llegir!<\/p>\n<p style=\"text-align: justify;\">Una abra\u00e7ada, lectors i lectores.<\/p>\n<p style=\"text-align: justify;\">L\u2019oliveta Quina.<\/p>\n<p style=\"text-align: justify;\">Cliqueu damunt de l&#8217;oliveta per veure les fotografies!!!<\/p>\n<p align=\"justify\"><a href=\"https:\/\/agora.xtec.cat\/ceipalbirka\/general\/fotografies-apadrinament-lector-ci-cs\/\"><img loading=\"lazy\" decoding=\"async\" class=\"aligncenter wp-image-10406\" src=\"https:\/\/agora.xtec.cat\/ceipalbirka\/wp-content\/uploads\/usu298\/2024\/11\/Captura-de-pantalla-2024-11-20-084230.png\" alt=\"\" width=\"210\" height=\"199\" \/><\/a><\/p>\n","protected":false},"excerpt":{"rendered":"<p>Hola, nenes i nens!<br \/>\nSoc la Quina, la mascota de la biblioteca de l\u2019escola Albirka.<br \/>\nEm trobareu cada dia al rac\u00f3 de l\u2019Apadrinament lector, on hi estic molt a gust. I sabeu per qu\u00e8? Perqu\u00e8 m\u2019encanta que l\u2019alumnat de sis\u00e8 faci lectura amb el de segon.<br \/>\nAvui us&hellip;  <a href=\"https:\/\/agora.xtec.cat\/ceipalbirka\/general\/lapadrinament-lector-en-marxa-de-nou-ci-cs\/\" title=\"Read L\u2019APADRINAMENT LECTOR, EN MARXA DE NOU! (CI-CS)\">Llegeix m\u00e9s\u00bb<\/a><\/p>\n","protected":false},"author":4,"featured_media":0,"comment_status":"closed","ping_status":"closed","sticky":false,"template":"","format":"standard","meta":{"_bbp_topic_count":0,"_bbp_reply_count":0,"_bbp_total_topic_count":0,"_bbp_total_reply_count":0,"_bbp_voice_count":0,"_bbp_anonymous_reply_count":0,"_bbp_topic_count_hidden":0,"_bbp_reply_count_hidden":0,"_bbp_forum_subforum_count":0,"footnotes":""},"categories":[21,10,14,41,1,4,26,75],"tags":[],"class_list":["post-10405","post","type-post","status-publish","format-standard","hentry","category-activitats-generals","category-cicle-inicial","category-cicle-superior","category-primaria","category-general","category-portada","category-raco-literari","category-telegram"],"post_mailing_queue_ids":[],"_links":{"self":[{"href":"https:\/\/agora.xtec.cat\/ceipalbirka\/wp-json\/wp\/v2\/posts\/10405","targetHints":{"allow":["GET"]}}],"collection":[{"href":"https:\/\/agora.xtec.cat\/ceipalbirka\/wp-json\/wp\/v2\/posts"}],"about":[{"href":"https:\/\/agora.xtec.cat\/ceipalbirka\/wp-json\/wp\/v2\/types\/post"}],"author":[{"embeddable":true,"href":"https:\/\/agora.xtec.cat\/ceipalbirka\/wp-json\/wp\/v2\/users\/4"}],"replies":[{"embeddable":true,"href":"https:\/\/agora.xtec.cat\/ceipalbirka\/wp-json\/wp\/v2\/comments?post=10405"}],"version-history":[{"count":1,"href":"https:\/\/agora.xtec.cat\/ceipalbirka\/wp-json\/wp\/v2\/posts\/10405\/revisions"}],"predecessor-version":[{"id":10408,"href":"https:\/\/agora.xtec.cat\/ceipalbirka\/wp-json\/wp\/v2\/posts\/10405\/revisions\/10408"}],"wp:attachment":[{"href":"https:\/\/agora.xtec.cat\/ceipalbirka\/wp-json\/wp\/v2\/media?parent=10405"}],"wp:term":[{"taxonomy":"category","embeddable":true,"href":"https:\/\/agora.xtec.cat\/ceipalbirka\/wp-json\/wp\/v2\/categories?post=10405"},{"taxonomy":"post_tag","embeddable":true,"href":"https:\/\/agora.xtec.cat\/ceipalbirka\/wp-json\/wp\/v2\/tags?post=10405"}],"curies":[{"name":"wp","href":"https:\/\/api.w.org\/{rel}","templated":true}]}}