{"id":10398,"date":"2024-11-19T12:02:44","date_gmt":"2024-11-19T11:02:44","guid":{"rendered":"https:\/\/agora.xtec.cat\/ceipalbirka\/?p=10398"},"modified":"2024-11-19T12:02:44","modified_gmt":"2024-11-19T11:02:44","slug":"triem-les-olives-i-les-posem-en-conserva-ei","status":"publish","type":"post","link":"https:\/\/agora.xtec.cat\/ceipalbirka\/general\/triem-les-olives-i-les-posem-en-conserva-ei\/","title":{"rendered":"TRIEM LES OLIVES I LES POSEM EN CONSERVA (EI)"},"content":{"rendered":"<p style=\"text-align: justify;\">Una vegada vam tenir les olives collides, les vam triar i les vam posar amb aigua. Al cap d\u2019uns dies, les vam posar en conserva. Primer vam fer la salmorra (barrejant aigua i sal). Despr\u00e9s, hi vam posar pebrot vermell, tim\u00f3, all, alf\u00e0brega i orenga.<\/p>\n<p style=\"text-align: justify;\">D\u2019aqu\u00ed uns mesos, les podrem tastar!<\/p>\n<p>Cliqueu a les olives per veure les fotografies!!!<\/p>\n<p><a href=\"https:\/\/agora.xtec.cat\/ceipalbirka\/general\/fotografies-triem-les-olives-i-les-posem-en-conserva-ei\/\"><img loading=\"lazy\" decoding=\"async\" class=\"aligncenter size-full wp-image-10400\" src=\"https:\/\/agora.xtec.cat\/ceipalbirka\/wp-content\/uploads\/usu298\/2024\/11\/Captura-de-pantalla-2024-11-19-120127.png\" alt=\"\" width=\"775\" height=\"327\" srcset=\"https:\/\/agora.xtec.cat\/ceipalbirka\/wp-content\/uploads\/usu298\/2024\/11\/Captura-de-pantalla-2024-11-19-120127.png 775w, https:\/\/agora.xtec.cat\/ceipalbirka\/wp-content\/uploads\/usu298\/2024\/11\/Captura-de-pantalla-2024-11-19-120127-300x127.png 300w, https:\/\/agora.xtec.cat\/ceipalbirka\/wp-content\/uploads\/usu298\/2024\/11\/Captura-de-pantalla-2024-11-19-120127-768x324.png 768w\" sizes=\"auto, (max-width: 775px) 100vw, 775px\" \/><\/a><\/p>\n<p>&nbsp;<\/p>\n","protected":false},"excerpt":{"rendered":"<p>Una vegada vam tenir les olives collides, les vam triar i les vam posar amb aigua. Al cap d\u2019uns dies, les vam posar en conserva. Primer vam fer la salmorra (barrejant aigua i sal). Despr\u00e9s, hi vam posar pebrot vermell, tim\u00f3, all, alf\u00e0brega i orenga.<br \/>\nD\u2019aqu\u00ed&hellip;  <a href=\"https:\/\/agora.xtec.cat\/ceipalbirka\/general\/triem-les-olives-i-les-posem-en-conserva-ei\/\" title=\"Read TRIEM LES OLIVES I LES POSEM EN CONSERVA (EI)\">Llegeix m\u00e9s\u00bb<\/a><\/p>\n","protected":false},"author":4,"featured_media":10399,"comment_status":"closed","ping_status":"closed","sticky":false,"template":"","format":"standard","meta":{"_bbp_topic_count":0,"_bbp_reply_count":0,"_bbp_total_topic_count":0,"_bbp_total_reply_count":0,"_bbp_voice_count":0,"_bbp_anonymous_reply_count":0,"_bbp_topic_count_hidden":0,"_bbp_reply_count_hidden":0,"_bbp_forum_subforum_count":0,"footnotes":""},"categories":[21,40,24,1,25,4,27,75],"tags":[],"class_list":["post-10398","post","type-post","status-publish","format-standard","has-post-thumbnail","hentry","category-activitats-generals","category-infantil","category-els-oficis","category-general","category-informacions","category-portada","category-el-raco-verd","category-telegram"],"post_mailing_queue_ids":[],"_links":{"self":[{"href":"https:\/\/agora.xtec.cat\/ceipalbirka\/wp-json\/wp\/v2\/posts\/10398","targetHints":{"allow":["GET"]}}],"collection":[{"href":"https:\/\/agora.xtec.cat\/ceipalbirka\/wp-json\/wp\/v2\/posts"}],"about":[{"href":"https:\/\/agora.xtec.cat\/ceipalbirka\/wp-json\/wp\/v2\/types\/post"}],"author":[{"embeddable":true,"href":"https:\/\/agora.xtec.cat\/ceipalbirka\/wp-json\/wp\/v2\/users\/4"}],"replies":[{"embeddable":true,"href":"https:\/\/agora.xtec.cat\/ceipalbirka\/wp-json\/wp\/v2\/comments?post=10398"}],"version-history":[{"count":1,"href":"https:\/\/agora.xtec.cat\/ceipalbirka\/wp-json\/wp\/v2\/posts\/10398\/revisions"}],"predecessor-version":[{"id":10401,"href":"https:\/\/agora.xtec.cat\/ceipalbirka\/wp-json\/wp\/v2\/posts\/10398\/revisions\/10401"}],"wp:featuredmedia":[{"embeddable":true,"href":"https:\/\/agora.xtec.cat\/ceipalbirka\/wp-json\/wp\/v2\/media\/10399"}],"wp:attachment":[{"href":"https:\/\/agora.xtec.cat\/ceipalbirka\/wp-json\/wp\/v2\/media?parent=10398"}],"wp:term":[{"taxonomy":"category","embeddable":true,"href":"https:\/\/agora.xtec.cat\/ceipalbirka\/wp-json\/wp\/v2\/categories?post=10398"},{"taxonomy":"post_tag","embeddable":true,"href":"https:\/\/agora.xtec.cat\/ceipalbirka\/wp-json\/wp\/v2\/tags?post=10398"}],"curies":[{"name":"wp","href":"https:\/\/api.w.org\/{rel}","templated":true}]}}