{"id":10351,"date":"2024-10-21T12:53:43","date_gmt":"2024-10-21T10:53:43","guid":{"rendered":"https:\/\/agora.xtec.cat\/ceipalbirka\/?p=10351"},"modified":"2024-10-21T12:53:43","modified_gmt":"2024-10-21T10:53:43","slug":"tv-albirka-1-5e-g1","status":"publish","type":"post","link":"https:\/\/agora.xtec.cat\/ceipalbirka\/general\/tv-albirka-1-5e-g1\/","title":{"rendered":"TV ALBIRKA 1 (5\u00e8 G1)"},"content":{"rendered":"<p style=\"text-align: justify;\">Aqu\u00ed comen\u00e7a el nostre canal de televisi\u00f3!! La TV ALBIRKA!!!<\/p>\n<p style=\"text-align: justify;\">Aprofitant el material audiovisual que ens ha arribat enguany a l&#8217;escola, les not\u00edcies que portem a la r\u00e0dio, tamb\u00e9 les durem a la pantalla! D&#8217;aquesta manera podreu estar informats tan si escolteu la r\u00e0dio, com si veieu les not\u00edcies del nostre canal, a trav\u00e9s de la p\u00e0gina WEB. S&#8217;anir\u00e0 avisant per COMUNICAPP a mesura que vagin sortint els programes!!<\/p>\n<p style=\"text-align: justify;\">Els que trencarem el gel serem l&#8217;alumnat de cinqu\u00e8, concretament mig grup.<\/p>\n<p style=\"text-align: justify;\">Esperem que us agradi!!<\/p>\n<p style=\"text-align: justify;\">Cliqueu a la imatge per veure el primer programa!!<\/p>\n<p><a href=\"https:\/\/agora.xtec.cat\/ceipalbirka\/general\/video-tv-albirka-1-5e-g1\/\"><img loading=\"lazy\" decoding=\"async\" class=\"aligncenter  wp-image-10353\" src=\"https:\/\/agora.xtec.cat\/ceipalbirka\/wp-content\/uploads\/usu298\/2024\/10\/Captura-de-pantalla-2024-10-21-125205-1.png\" alt=\"\" width=\"338\" height=\"148\" srcset=\"https:\/\/agora.xtec.cat\/ceipalbirka\/wp-content\/uploads\/usu298\/2024\/10\/Captura-de-pantalla-2024-10-21-125205-1.png 512w, https:\/\/agora.xtec.cat\/ceipalbirka\/wp-content\/uploads\/usu298\/2024\/10\/Captura-de-pantalla-2024-10-21-125205-1-300x131.png 300w\" sizes=\"auto, (max-width: 338px) 100vw, 338px\" \/><\/a><\/p>\n<p>&nbsp;<\/p>\n","protected":false},"excerpt":{"rendered":"<p>Aqu\u00ed comen\u00e7a el nostre canal de televisi\u00f3!! La TV ALBIRKA!!!<br \/>\nAprofitant el material audiovisual que ens ha arribat enguany a l&#8217;escola, les not\u00edcies que portem a la r\u00e0dio, tamb\u00e9 les durem a la pantalla! D&#8217;aquesta manera podreu estar informats tan si escolteu la r\u00e0dio, com si&hellip;  <a href=\"https:\/\/agora.xtec.cat\/ceipalbirka\/general\/tv-albirka-1-5e-g1\/\" title=\"Read TV ALBIRKA 1 (5\u00e8 G1)\">Llegeix m\u00e9s\u00bb<\/a><\/p>\n","protected":false},"author":4,"featured_media":10352,"comment_status":"closed","ping_status":"closed","sticky":false,"template":"","format":"standard","meta":{"_bbp_topic_count":0,"_bbp_reply_count":0,"_bbp_total_topic_count":0,"_bbp_total_reply_count":0,"_bbp_voice_count":0,"_bbp_anonymous_reply_count":0,"_bbp_topic_count_hidden":0,"_bbp_reply_count_hidden":0,"_bbp_forum_subforum_count":0,"footnotes":""},"categories":[21,7,10,12,14,40,41,24,1,25,37,4],"tags":[],"class_list":["post-10351","post","type-post","status-publish","format-standard","has-post-thumbnail","hentry","category-activitats-generals","category-ampa","category-cicle-inicial","category-cicle-mitja","category-cicle-superior","category-infantil","category-primaria","category-els-oficis","category-general","category-informacions","category-musica","category-portada"],"post_mailing_queue_ids":[],"_links":{"self":[{"href":"https:\/\/agora.xtec.cat\/ceipalbirka\/wp-json\/wp\/v2\/posts\/10351","targetHints":{"allow":["GET"]}}],"collection":[{"href":"https:\/\/agora.xtec.cat\/ceipalbirka\/wp-json\/wp\/v2\/posts"}],"about":[{"href":"https:\/\/agora.xtec.cat\/ceipalbirka\/wp-json\/wp\/v2\/types\/post"}],"author":[{"embeddable":true,"href":"https:\/\/agora.xtec.cat\/ceipalbirka\/wp-json\/wp\/v2\/users\/4"}],"replies":[{"embeddable":true,"href":"https:\/\/agora.xtec.cat\/ceipalbirka\/wp-json\/wp\/v2\/comments?post=10351"}],"version-history":[{"count":1,"href":"https:\/\/agora.xtec.cat\/ceipalbirka\/wp-json\/wp\/v2\/posts\/10351\/revisions"}],"predecessor-version":[{"id":10354,"href":"https:\/\/agora.xtec.cat\/ceipalbirka\/wp-json\/wp\/v2\/posts\/10351\/revisions\/10354"}],"wp:featuredmedia":[{"embeddable":true,"href":"https:\/\/agora.xtec.cat\/ceipalbirka\/wp-json\/wp\/v2\/media\/10352"}],"wp:attachment":[{"href":"https:\/\/agora.xtec.cat\/ceipalbirka\/wp-json\/wp\/v2\/media?parent=10351"}],"wp:term":[{"taxonomy":"category","embeddable":true,"href":"https:\/\/agora.xtec.cat\/ceipalbirka\/wp-json\/wp\/v2\/categories?post=10351"},{"taxonomy":"post_tag","embeddable":true,"href":"https:\/\/agora.xtec.cat\/ceipalbirka\/wp-json\/wp\/v2\/tags?post=10351"}],"curies":[{"name":"wp","href":"https:\/\/api.w.org\/{rel}","templated":true}]}}