{"id":10337,"date":"2024-10-14T10:12:29","date_gmt":"2024-10-14T08:12:29","guid":{"rendered":"https:\/\/agora.xtec.cat\/ceipalbirka\/?p=10337"},"modified":"2024-10-14T10:12:29","modified_gmt":"2024-10-14T08:12:29","slug":"sortida-a-la-cooperativa-arbequina-ei","status":"publish","type":"post","link":"https:\/\/agora.xtec.cat\/ceipalbirka\/general\/sortida-a-la-cooperativa-arbequina-ei\/","title":{"rendered":"Sortida a la Cooperativa Arbequina (EI)"},"content":{"rendered":"<p style=\"text-align: justify;\">L\u2019alumnat d\u2019educaci\u00f3 infantil, el dimarts 8 d\u2019octubre, vam anar a visitar la Cooperativa Arbequina, com a punt de sortida del projecte de l\u2019oli i l\u2019olivera. En arribar, vam visualitzar un v\u00eddeo sobre el proc\u00e9s de collita i elaboraci\u00f3 de l\u2019oli. Tot seguit, vam fer un tast de pa amb oli. Estava bon\u00edssim!<\/p>\n<p style=\"text-align: justify;\">Despr\u00e9s del tast, vam anar a collir les olives, tot utilitzant les eines de collita tradicionals. Esperem que en gaudiu!<\/p>\n<p>Cliqueu a la imatge per veure les fotografies!!<\/p>\n<p><a href=\"https:\/\/agora.xtec.cat\/ceipalbirka\/general\/fotografies-sortida-a-la-cooperativa-arbequina-ei\/\"><img loading=\"lazy\" decoding=\"async\" class=\"aligncenter  wp-image-8900\" src=\"https:\/\/agora.xtec.cat\/ceipalbirka\/wp-content\/uploads\/usu298\/2022\/11\/Oliva-001-1.jpg\" alt=\"\" width=\"183\" height=\"137\" srcset=\"https:\/\/agora.xtec.cat\/ceipalbirka\/wp-content\/uploads\/usu298\/2022\/11\/Oliva-001-1.jpg 400w, https:\/\/agora.xtec.cat\/ceipalbirka\/wp-content\/uploads\/usu298\/2022\/11\/Oliva-001-1-300x225.jpg 300w, https:\/\/agora.xtec.cat\/ceipalbirka\/wp-content\/uploads\/usu298\/2022\/11\/Oliva-001-1-200x150.jpg 200w\" sizes=\"auto, (max-width: 183px) 100vw, 183px\" \/><\/a><\/p>\n<p>&nbsp;<\/p>\n","protected":false},"excerpt":{"rendered":"<p>L\u2019alumnat d\u2019educaci\u00f3 infantil, el dimarts 8 d\u2019octubre, vam anar a visitar la Cooperativa Arbequina, com a punt de sortida del projecte de l\u2019oli i l\u2019olivera. En arribar, vam visualitzar un v\u00eddeo sobre el proc\u00e9s de collita i elaboraci\u00f3 de l\u2019oli. Tot seguit, vam fer un&hellip;  <a href=\"https:\/\/agora.xtec.cat\/ceipalbirka\/general\/sortida-a-la-cooperativa-arbequina-ei\/\" title=\"Read Sortida a la Cooperativa Arbequina (EI)\">Llegeix m\u00e9s\u00bb<\/a><\/p>\n","protected":false},"author":4,"featured_media":10338,"comment_status":"closed","ping_status":"closed","sticky":false,"template":"","format":"standard","meta":{"_bbp_topic_count":0,"_bbp_reply_count":0,"_bbp_total_topic_count":0,"_bbp_total_reply_count":0,"_bbp_voice_count":0,"_bbp_anonymous_reply_count":0,"_bbp_topic_count_hidden":0,"_bbp_reply_count_hidden":0,"_bbp_forum_subforum_count":0,"footnotes":""},"categories":[21,40,24,1,4,27],"tags":[],"class_list":["post-10337","post","type-post","status-publish","format-standard","has-post-thumbnail","hentry","category-activitats-generals","category-infantil","category-els-oficis","category-general","category-portada","category-el-raco-verd"],"post_mailing_queue_ids":[],"_links":{"self":[{"href":"https:\/\/agora.xtec.cat\/ceipalbirka\/wp-json\/wp\/v2\/posts\/10337","targetHints":{"allow":["GET"]}}],"collection":[{"href":"https:\/\/agora.xtec.cat\/ceipalbirka\/wp-json\/wp\/v2\/posts"}],"about":[{"href":"https:\/\/agora.xtec.cat\/ceipalbirka\/wp-json\/wp\/v2\/types\/post"}],"author":[{"embeddable":true,"href":"https:\/\/agora.xtec.cat\/ceipalbirka\/wp-json\/wp\/v2\/users\/4"}],"replies":[{"embeddable":true,"href":"https:\/\/agora.xtec.cat\/ceipalbirka\/wp-json\/wp\/v2\/comments?post=10337"}],"version-history":[{"count":1,"href":"https:\/\/agora.xtec.cat\/ceipalbirka\/wp-json\/wp\/v2\/posts\/10337\/revisions"}],"predecessor-version":[{"id":10339,"href":"https:\/\/agora.xtec.cat\/ceipalbirka\/wp-json\/wp\/v2\/posts\/10337\/revisions\/10339"}],"wp:featuredmedia":[{"embeddable":true,"href":"https:\/\/agora.xtec.cat\/ceipalbirka\/wp-json\/wp\/v2\/media\/10338"}],"wp:attachment":[{"href":"https:\/\/agora.xtec.cat\/ceipalbirka\/wp-json\/wp\/v2\/media?parent=10337"}],"wp:term":[{"taxonomy":"category","embeddable":true,"href":"https:\/\/agora.xtec.cat\/ceipalbirka\/wp-json\/wp\/v2\/categories?post=10337"},{"taxonomy":"post_tag","embeddable":true,"href":"https:\/\/agora.xtec.cat\/ceipalbirka\/wp-json\/wp\/v2\/tags?post=10337"}],"curies":[{"name":"wp","href":"https:\/\/api.w.org\/{rel}","templated":true}]}}