{"id":10243,"date":"2024-06-27T09:47:43","date_gmt":"2024-06-27T07:47:43","guid":{"rendered":"https:\/\/agora.xtec.cat\/ceipalbirka\/?p=10243"},"modified":"2024-06-27T09:47:43","modified_gmt":"2024-06-27T07:47:43","slug":"els-colors-de-la-pell-escola","status":"publish","type":"post","link":"https:\/\/agora.xtec.cat\/ceipalbirka\/general\/els-colors-de-la-pell-escola\/","title":{"rendered":"ELS COLORS DE LA PELL (ESCOLA)"},"content":{"rendered":"<p style=\"text-align: justify;\"><strong>COM \u00c9S EL COLOR CARN?<\/strong><\/p>\n<p style=\"text-align: justify;\">A partir del projecte Humanae de la fot\u00f2grafa Ang\u00e8lica Dass, hem treballat els diferents colors de la pell.<\/p>\n<p style=\"text-align: justify;\">Des de l\u2019escola, l\u2019alumnat de cicle inicial, partint de la idea de la fot\u00f2grafa, hem iniciat el projecte <strong>Els colors de la pell<\/strong>. Hem realitzat diferents activitats per sensibilitzar-nos en aquest tema: lectura de contes, v\u00eddeos, cerca d\u2019informaci\u00f3, comparaci\u00f3 de colors. Tamb\u00e9 hem dibuixat i pintat el nostre autoretrat, hem fet un collage amb retalls de revistes i hem pintat mans del nostre color de la pell, buscant la nostra tonalitat.<\/p>\n<p style=\"text-align: justify;\">Com a cloenda del projecte, hem creat la nostra pr\u00f2pia exposici\u00f3 realitzant un mosaic de les tonalitats de les nostres pells.<\/p>\n<p style=\"text-align: justify;\">Cliqueu a la imatge per veure les fotografies!<\/p>\n<p><a href=\"https:\/\/agora.xtec.cat\/ceipalbirka\/general\/fotografies-colors-de-la-pell\/\"><img loading=\"lazy\" decoding=\"async\" class=\"aligncenter  wp-image-10244\" src=\"https:\/\/agora.xtec.cat\/ceipalbirka\/wp-content\/uploads\/usu298\/2024\/06\/Captura-de-pantalla-2024-06-27-094621.png\" alt=\"\" width=\"193\" height=\"123\" \/><\/a><\/p>\n<p>&nbsp;<\/p>\n","protected":false},"excerpt":{"rendered":"<p>COM \u00c9S EL COLOR CARN?<br \/>\nA partir del projecte Humanae de la fot\u00f2grafa Ang\u00e8lica Dass, hem treballat els diferents colors de la pell.<br \/>\nDes de l\u2019escola, l\u2019alumnat de cicle inicial, partint de la idea de la fot\u00f2grafa, hem iniciat el projecte Els colors de la pell. Hem&hellip;  <a href=\"https:\/\/agora.xtec.cat\/ceipalbirka\/general\/els-colors-de-la-pell-escola\/\" title=\"Read ELS COLORS DE LA PELL (ESCOLA)\">Llegeix m\u00e9s\u00bb<\/a><\/p>\n","protected":false},"author":4,"featured_media":10245,"comment_status":"closed","ping_status":"closed","sticky":false,"template":"","format":"standard","meta":{"_bbp_topic_count":0,"_bbp_reply_count":0,"_bbp_total_topic_count":0,"_bbp_total_reply_count":0,"_bbp_voice_count":0,"_bbp_anonymous_reply_count":0,"_bbp_topic_count_hidden":0,"_bbp_reply_count_hidden":0,"_bbp_forum_subforum_count":0,"footnotes":""},"categories":[21,10,12,14,40,41,1,25,4,75],"tags":[],"class_list":["post-10243","post","type-post","status-publish","format-standard","has-post-thumbnail","hentry","category-activitats-generals","category-cicle-inicial","category-cicle-mitja","category-cicle-superior","category-infantil","category-primaria","category-general","category-informacions","category-portada","category-telegram"],"post_mailing_queue_ids":[],"_links":{"self":[{"href":"https:\/\/agora.xtec.cat\/ceipalbirka\/wp-json\/wp\/v2\/posts\/10243","targetHints":{"allow":["GET"]}}],"collection":[{"href":"https:\/\/agora.xtec.cat\/ceipalbirka\/wp-json\/wp\/v2\/posts"}],"about":[{"href":"https:\/\/agora.xtec.cat\/ceipalbirka\/wp-json\/wp\/v2\/types\/post"}],"author":[{"embeddable":true,"href":"https:\/\/agora.xtec.cat\/ceipalbirka\/wp-json\/wp\/v2\/users\/4"}],"replies":[{"embeddable":true,"href":"https:\/\/agora.xtec.cat\/ceipalbirka\/wp-json\/wp\/v2\/comments?post=10243"}],"version-history":[{"count":1,"href":"https:\/\/agora.xtec.cat\/ceipalbirka\/wp-json\/wp\/v2\/posts\/10243\/revisions"}],"predecessor-version":[{"id":10246,"href":"https:\/\/agora.xtec.cat\/ceipalbirka\/wp-json\/wp\/v2\/posts\/10243\/revisions\/10246"}],"wp:featuredmedia":[{"embeddable":true,"href":"https:\/\/agora.xtec.cat\/ceipalbirka\/wp-json\/wp\/v2\/media\/10245"}],"wp:attachment":[{"href":"https:\/\/agora.xtec.cat\/ceipalbirka\/wp-json\/wp\/v2\/media?parent=10243"}],"wp:term":[{"taxonomy":"category","embeddable":true,"href":"https:\/\/agora.xtec.cat\/ceipalbirka\/wp-json\/wp\/v2\/categories?post=10243"},{"taxonomy":"post_tag","embeddable":true,"href":"https:\/\/agora.xtec.cat\/ceipalbirka\/wp-json\/wp\/v2\/tags?post=10243"}],"curies":[{"name":"wp","href":"https:\/\/api.w.org\/{rel}","templated":true}]}}