{"id":10209,"date":"2024-06-27T09:13:54","date_gmt":"2024-06-27T07:13:54","guid":{"rendered":"https:\/\/agora.xtec.cat\/ceipalbirka\/?p=10209"},"modified":"2024-06-27T09:19:58","modified_gmt":"2024-06-27T07:19:58","slug":"situacio-daprenentatge-a-ci-on-vivim","status":"publish","type":"post","link":"https:\/\/agora.xtec.cat\/ceipalbirka\/general\/situacio-daprenentatge-a-ci-on-vivim\/","title":{"rendered":"ON VIVIM? (CI)"},"content":{"rendered":"<p style=\"text-align: justify;\">El punt de partida de la nostra situaci\u00f3 d\u2019aprenentatge va ser la sortida a la Cova de La Font Major de l\u2019Espluga de Francol\u00ed. All\u00ed, vam poder observar i experimentar els canvis al llarg de la hist\u00f2ria tant pel que fa al lloc on vivien, com a les persones i les seves costums.<\/p>\n<p style=\"text-align: justify;\">A partir d\u2019aqu\u00ed vam realitzar diferents activitats d\u2019aprenentatge:<\/p>\n<p style=\"text-align: justify;\">-Sortida per l\u2019entorn proper per veure les vivendes del nostre poble: com s\u00f3n les cases per fora, per dins, amb quins materials es construeixen i d\u2019on provenen.<\/p>\n<p style=\"text-align: justify;\">-Materials naturals i artificials: les seves propietats.<\/p>\n<p style=\"text-align: justify;\">-Casa nostra i l\u2019adre\u00e7a.<\/p>\n<p style=\"text-align: justify;\">-Cases d\u2019arreu del m\u00f3n.<\/p>\n<p style=\"text-align: justify;\">-Fa\u00e7anes importants del poble d\u2019Arbeca: la cooperativa, l\u2019Ajuntament i l\u2019escola.<\/p>\n<p style=\"text-align: justify;\">-Com es construeix una casa (pl\u00e0nols).<\/p>\n<p style=\"text-align: justify;\">-Entrevista a un expert arquitecte t\u00e8cnic de l\u2019Ajuntament.<\/p>\n<p style=\"text-align: justify;\">-Experiment pr\u00e0ctic: fem ciment.<\/p>\n<p style=\"text-align: justify;\">Hem apr\u00e8s molt\u00edssim!<\/p>\n<p style=\"text-align: justify;\">Si cliqueu a la imatge, podreu veure les fotografies!!!<\/p>\n<p><a href=\"https:\/\/agora.xtec.cat\/ceipalbirka\/general\/fotografies-on-vivim-ci\/\"><img loading=\"lazy\" decoding=\"async\" class=\"aligncenter wp-image-10210\" src=\"https:\/\/agora.xtec.cat\/ceipalbirka\/wp-content\/uploads\/usu298\/2024\/06\/Captura-de-pantalla-2024-06-27-091217.png\" alt=\"\" width=\"167\" height=\"171\" srcset=\"https:\/\/agora.xtec.cat\/ceipalbirka\/wp-content\/uploads\/usu298\/2024\/06\/Captura-de-pantalla-2024-06-27-091217.png 396w, https:\/\/agora.xtec.cat\/ceipalbirka\/wp-content\/uploads\/usu298\/2024\/06\/Captura-de-pantalla-2024-06-27-091217-292x300.png 292w\" sizes=\"auto, (max-width: 167px) 100vw, 167px\" \/><\/a><\/p>\n","protected":false},"excerpt":{"rendered":"<p>El punt de partida de la nostra situaci\u00f3 d\u2019aprenentatge va ser la sortida a la Cova de La Font Major de l\u2019Espluga de Francol\u00ed. All\u00ed, vam poder observar i experimentar els canvis al llarg de la hist\u00f2ria tant pel que fa al lloc on vivien,&hellip;  <a href=\"https:\/\/agora.xtec.cat\/ceipalbirka\/general\/situacio-daprenentatge-a-ci-on-vivim\/\" title=\"Read ON VIVIM? (CI)\">Llegeix m\u00e9s\u00bb<\/a><\/p>\n","protected":false},"author":4,"featured_media":10211,"comment_status":"closed","ping_status":"closed","sticky":false,"template":"","format":"standard","meta":{"_bbp_topic_count":0,"_bbp_reply_count":0,"_bbp_total_topic_count":0,"_bbp_total_reply_count":0,"_bbp_voice_count":0,"_bbp_anonymous_reply_count":0,"_bbp_topic_count_hidden":0,"_bbp_reply_count_hidden":0,"_bbp_forum_subforum_count":0,"footnotes":""},"categories":[21,10,41,1,4,75],"tags":[],"class_list":["post-10209","post","type-post","status-publish","format-standard","has-post-thumbnail","hentry","category-activitats-generals","category-cicle-inicial","category-primaria","category-general","category-portada","category-telegram"],"post_mailing_queue_ids":[],"_links":{"self":[{"href":"https:\/\/agora.xtec.cat\/ceipalbirka\/wp-json\/wp\/v2\/posts\/10209","targetHints":{"allow":["GET"]}}],"collection":[{"href":"https:\/\/agora.xtec.cat\/ceipalbirka\/wp-json\/wp\/v2\/posts"}],"about":[{"href":"https:\/\/agora.xtec.cat\/ceipalbirka\/wp-json\/wp\/v2\/types\/post"}],"author":[{"embeddable":true,"href":"https:\/\/agora.xtec.cat\/ceipalbirka\/wp-json\/wp\/v2\/users\/4"}],"replies":[{"embeddable":true,"href":"https:\/\/agora.xtec.cat\/ceipalbirka\/wp-json\/wp\/v2\/comments?post=10209"}],"version-history":[{"count":2,"href":"https:\/\/agora.xtec.cat\/ceipalbirka\/wp-json\/wp\/v2\/posts\/10209\/revisions"}],"predecessor-version":[{"id":10219,"href":"https:\/\/agora.xtec.cat\/ceipalbirka\/wp-json\/wp\/v2\/posts\/10209\/revisions\/10219"}],"wp:featuredmedia":[{"embeddable":true,"href":"https:\/\/agora.xtec.cat\/ceipalbirka\/wp-json\/wp\/v2\/media\/10211"}],"wp:attachment":[{"href":"https:\/\/agora.xtec.cat\/ceipalbirka\/wp-json\/wp\/v2\/media?parent=10209"}],"wp:term":[{"taxonomy":"category","embeddable":true,"href":"https:\/\/agora.xtec.cat\/ceipalbirka\/wp-json\/wp\/v2\/categories?post=10209"},{"taxonomy":"post_tag","embeddable":true,"href":"https:\/\/agora.xtec.cat\/ceipalbirka\/wp-json\/wp\/v2\/tags?post=10209"}],"curies":[{"name":"wp","href":"https:\/\/api.w.org\/{rel}","templated":true}]}}