{"id":10199,"date":"2024-06-26T14:22:07","date_gmt":"2024-06-26T12:22:07","guid":{"rendered":"https:\/\/agora.xtec.cat\/ceipalbirka\/?p=10199"},"modified":"2025-09-08T09:10:54","modified_gmt":"2025-09-08T07:10:54","slug":"visita-el-mnactec-bus-ci","status":"publish","type":"post","link":"https:\/\/agora.xtec.cat\/ceipalbirka\/general\/visita-el-mnactec-bus-ci\/","title":{"rendered":"VISITA EL MNACTEC BUS (CI)"},"content":{"rendered":"<p style=\"text-align: justify;\">El dia 19 d\u2019abril, els nens i les nenes de cicle inicial, van visitar el Museu Nacional de la Ci\u00e8ncia i la T\u00e8cnica de Catalunya (MNACTEC BUS), un projecte muse\u00edstic de car\u00e0cter itinerant. \u00c9s un espai interactiu i tecnol\u00f2gic que els va permetre viatjar al passar, al present i al futur de la nostra societat. Una manera innovadora d&#8217;endinsar-nos els aven\u00e7os tecnol\u00f2gics, la cultura o el patrimoni industrial. Aquesta visita ens va permetre relacionar el que van observar amb els sabers treballats a l\u2019aula amb el projecte \u201cOn vivim?\u201d.<\/p>\n<p>Clicant <a href=\"https:\/\/agora.xtec.cat\/ceipalbirka\/general\/fotografies-bus-mnactec-ci\/\">AQU\u00cd<\/a> podreu veure les fotografies!!!<\/p>\n","protected":false},"excerpt":{"rendered":"<p>El dia 19 d\u2019abril, els nens i les nenes de cicle inicial, van visitar el Museu Nacional de la Ci\u00e8ncia i la T\u00e8cnica de Catalunya (MNACTEC BUS), un projecte muse\u00edstic de car\u00e0cter itinerant. \u00c9s un espai interactiu i tecnol\u00f2gic que els va permetre viatjar al&hellip;  <a href=\"https:\/\/agora.xtec.cat\/ceipalbirka\/general\/visita-el-mnactec-bus-ci\/\" title=\"Read VISITA EL MNACTEC BUS (CI)\">Llegeix m\u00e9s\u00bb<\/a><\/p>\n","protected":false},"author":4,"featured_media":0,"comment_status":"closed","ping_status":"closed","sticky":false,"template":"","format":"standard","meta":{"_bbp_topic_count":0,"_bbp_reply_count":0,"_bbp_total_topic_count":0,"_bbp_total_reply_count":0,"_bbp_voice_count":0,"_bbp_anonymous_reply_count":0,"_bbp_topic_count_hidden":0,"_bbp_reply_count_hidden":0,"_bbp_forum_subforum_count":0,"footnotes":""},"categories":[21,10,41,1,25,4,75],"tags":[],"class_list":["post-10199","post","type-post","status-publish","format-standard","hentry","category-activitats-generals","category-cicle-inicial","category-primaria","category-general","category-informacions","category-portada","category-telegram"],"post_mailing_queue_ids":[],"_links":{"self":[{"href":"https:\/\/agora.xtec.cat\/ceipalbirka\/wp-json\/wp\/v2\/posts\/10199","targetHints":{"allow":["GET"]}}],"collection":[{"href":"https:\/\/agora.xtec.cat\/ceipalbirka\/wp-json\/wp\/v2\/posts"}],"about":[{"href":"https:\/\/agora.xtec.cat\/ceipalbirka\/wp-json\/wp\/v2\/types\/post"}],"author":[{"embeddable":true,"href":"https:\/\/agora.xtec.cat\/ceipalbirka\/wp-json\/wp\/v2\/users\/4"}],"replies":[{"embeddable":true,"href":"https:\/\/agora.xtec.cat\/ceipalbirka\/wp-json\/wp\/v2\/comments?post=10199"}],"version-history":[{"count":1,"href":"https:\/\/agora.xtec.cat\/ceipalbirka\/wp-json\/wp\/v2\/posts\/10199\/revisions"}],"predecessor-version":[{"id":10201,"href":"https:\/\/agora.xtec.cat\/ceipalbirka\/wp-json\/wp\/v2\/posts\/10199\/revisions\/10201"}],"wp:attachment":[{"href":"https:\/\/agora.xtec.cat\/ceipalbirka\/wp-json\/wp\/v2\/media?parent=10199"}],"wp:term":[{"taxonomy":"category","embeddable":true,"href":"https:\/\/agora.xtec.cat\/ceipalbirka\/wp-json\/wp\/v2\/categories?post=10199"},{"taxonomy":"post_tag","embeddable":true,"href":"https:\/\/agora.xtec.cat\/ceipalbirka\/wp-json\/wp\/v2\/tags?post=10199"}],"curies":[{"name":"wp","href":"https:\/\/api.w.org\/{rel}","templated":true}]}}