{"id":10057,"date":"2024-04-09T10:54:54","date_gmt":"2024-04-09T08:54:54","guid":{"rendered":"https:\/\/agora.xtec.cat\/ceipalbirka\/?p=10057"},"modified":"2024-04-09T10:54:54","modified_gmt":"2024-04-09T08:54:54","slug":"colonies-ei-ci","status":"publish","type":"post","link":"https:\/\/agora.xtec.cat\/ceipalbirka\/general\/colonies-ei-ci\/","title":{"rendered":"COL\u00d2NIES (EI-CI)"},"content":{"rendered":"<p style=\"text-align: justify;\">Hola fam\u00edlies, us adjuntem les fotografies d&#8217;Educaci\u00f3 Infantil i Cicle Inicial, de les Col\u00f2nies de Tamarit de la setmana passada.<\/p>\n<p style=\"text-align: justify;\">Cliqueu a la imatge per veure totes les fotografies!<\/p>\n<p style=\"text-align: justify;\"><a href=\"https:\/\/agora.xtec.cat\/ceipalbirka\/general\/fotografies-colonies-tamarit-ei-ci\/\"><img loading=\"lazy\" decoding=\"async\" class=\"aligncenter  wp-image-10058\" src=\"https:\/\/agora.xtec.cat\/ceipalbirka\/wp-content\/uploads\/usu298\/2024\/04\/Captura-de-pantalla-2024-04-09-084906.png\" alt=\"\" width=\"182\" height=\"80\" srcset=\"https:\/\/agora.xtec.cat\/ceipalbirka\/wp-content\/uploads\/usu298\/2024\/04\/Captura-de-pantalla-2024-04-09-084906.png 486w, https:\/\/agora.xtec.cat\/ceipalbirka\/wp-content\/uploads\/usu298\/2024\/04\/Captura-de-pantalla-2024-04-09-084906-300x132.png 300w\" sizes=\"auto, (max-width: 182px) 100vw, 182px\" \/><\/a><\/p>\n","protected":false},"excerpt":{"rendered":"<p>Hola fam\u00edlies, us adjuntem les fotografies d&#8217;Educaci\u00f3 Infantil i Cicle Inicial, de les Col\u00f2nies de Tamarit de la setmana passada.<br \/>\nCliqueu a la imatge per veure totes les fotografies!<br \/>\n<a href=\"https:\/\/agora.xtec.cat\/ceipalbirka\/general\/fotografies-colonies-tamarit-ei-ci\/\"><\/a><\/p>\n","protected":false},"author":4,"featured_media":10058,"comment_status":"closed","ping_status":"closed","sticky":false,"template":"","format":"standard","meta":{"_bbp_topic_count":0,"_bbp_reply_count":0,"_bbp_total_topic_count":0,"_bbp_total_reply_count":0,"_bbp_voice_count":0,"_bbp_anonymous_reply_count":0,"_bbp_topic_count_hidden":0,"_bbp_reply_count_hidden":0,"_bbp_forum_subforum_count":0,"footnotes":""},"categories":[21,10,40,41,1,4,75],"tags":[],"class_list":["post-10057","post","type-post","status-publish","format-standard","has-post-thumbnail","hentry","category-activitats-generals","category-cicle-inicial","category-infantil","category-primaria","category-general","category-portada","category-telegram"],"post_mailing_queue_ids":[],"_links":{"self":[{"href":"https:\/\/agora.xtec.cat\/ceipalbirka\/wp-json\/wp\/v2\/posts\/10057","targetHints":{"allow":["GET"]}}],"collection":[{"href":"https:\/\/agora.xtec.cat\/ceipalbirka\/wp-json\/wp\/v2\/posts"}],"about":[{"href":"https:\/\/agora.xtec.cat\/ceipalbirka\/wp-json\/wp\/v2\/types\/post"}],"author":[{"embeddable":true,"href":"https:\/\/agora.xtec.cat\/ceipalbirka\/wp-json\/wp\/v2\/users\/4"}],"replies":[{"embeddable":true,"href":"https:\/\/agora.xtec.cat\/ceipalbirka\/wp-json\/wp\/v2\/comments?post=10057"}],"version-history":[{"count":2,"href":"https:\/\/agora.xtec.cat\/ceipalbirka\/wp-json\/wp\/v2\/posts\/10057\/revisions"}],"predecessor-version":[{"id":10061,"href":"https:\/\/agora.xtec.cat\/ceipalbirka\/wp-json\/wp\/v2\/posts\/10057\/revisions\/10061"}],"wp:featuredmedia":[{"embeddable":true,"href":"https:\/\/agora.xtec.cat\/ceipalbirka\/wp-json\/wp\/v2\/media\/10058"}],"wp:attachment":[{"href":"https:\/\/agora.xtec.cat\/ceipalbirka\/wp-json\/wp\/v2\/media?parent=10057"}],"wp:term":[{"taxonomy":"category","embeddable":true,"href":"https:\/\/agora.xtec.cat\/ceipalbirka\/wp-json\/wp\/v2\/categories?post=10057"},{"taxonomy":"post_tag","embeddable":true,"href":"https:\/\/agora.xtec.cat\/ceipalbirka\/wp-json\/wp\/v2\/tags?post=10057"}],"curies":[{"name":"wp","href":"https:\/\/api.w.org\/{rel}","templated":true}]}}