{"id":20542,"date":"2026-04-24T20:30:42","date_gmt":"2026-04-24T18:30:42","guid":{"rendered":"https:\/\/agora.xtec.cat\/ceipalba\/?p=20542"},"modified":"2026-04-24T20:37:34","modified_gmt":"2026-04-24T18:37:34","slug":"caca-de-llibres-i-recital-de-contes-a-la-colla-del-mig","status":"publish","type":"post","link":"https:\/\/agora.xtec.cat\/ceipalba\/general\/caca-de-llibres-i-recital-de-contes-a-la-colla-del-mig\/","title":{"rendered":"Ca\u00e7a de llibres i recital de contes a la Colla del Mig"},"content":{"rendered":"<p>Aquest divendres, 24 d&#8217;abril, l&#8217;alumnat de la colla del mig ha dut a terme dues activitats vinculades a la festa de Sant Jordi. A primera hora, hem fet el recital d&#8217;alguns dels contes que hem fet a la colla del mig com a projecte interdisciplinar. I despr\u00e9s del pati, hem fet la ja coneguda &#8220;ca\u00e7a de llibres&#8221; fomentant la import\u00e0ncia del valor de compartir amb els altres amb llibres que ja hem llegit i aix\u00ed els podem reutilitzar i engrescar-los a la lectura.<\/p>\n<p><a href=\"https:\/\/photos.app.goo.gl\/SiSg2V2z4QYnWr1g6\"><img loading=\"lazy\" decoding=\"async\" class=\"alignnone wp-image-20543\" src=\"https:\/\/agora.xtec.cat\/ceipalba\/wp-content\/uploads\/usu598\/2026\/04\/llibre.png\" alt=\"\" width=\"314\" height=\"177\" srcset=\"https:\/\/agora.xtec.cat\/ceipalba\/wp-content\/uploads\/usu598\/2026\/04\/llibre.png 857w, https:\/\/agora.xtec.cat\/ceipalba\/wp-content\/uploads\/usu598\/2026\/04\/llibre-300x169.png 300w, https:\/\/agora.xtec.cat\/ceipalba\/wp-content\/uploads\/usu598\/2026\/04\/llibre-768x432.png 768w\" sizes=\"auto, (max-width: 314px) 100vw, 314px\" \/><\/a><\/p>\n<p>Si cliqueu la fotografia veureu la resta de fotografies!<\/p>\n","protected":false},"excerpt":{"rendered":"<p>Aquest divendres, 24 d&#8217;abril, l&#8217;alumnat de la colla del mig ha dut a terme dues activitats vinculades a la festa de Sant Jordi. A primera hora, hem fet el recital d&#8217;alguns dels contes que hem fet a la colla del mig com a projecte interdisciplinar.&hellip;  <a href=\"https:\/\/agora.xtec.cat\/ceipalba\/general\/caca-de-llibres-i-recital-de-contes-a-la-colla-del-mig\/\" title=\"Read Ca\u00e7a de llibres i recital de contes a la Colla del Mig\">Llegeix m\u00e9s\u00bb<\/a><\/p>\n","protected":false},"author":58,"featured_media":20543,"comment_status":"open","ping_status":"open","sticky":false,"template":"","format":"standard","meta":{"_bbp_topic_count":0,"_bbp_reply_count":0,"_bbp_total_topic_count":0,"_bbp_total_reply_count":0,"_bbp_voice_count":0,"_bbp_anonymous_reply_count":0,"_bbp_topic_count_hidden":0,"_bbp_reply_count_hidden":0,"_bbp_forum_subforum_count":0,"footnotes":""},"categories":[10,11,12,43,1,4],"tags":[],"class_list":["post-20542","post","type-post","status-publish","format-standard","has-post-thumbnail","hentry","category-1r","category-2n","category-3r","category-mig","category-general","category-portada"],"post_mailing_queue_ids":[],"_links":{"self":[{"href":"https:\/\/agora.xtec.cat\/ceipalba\/wp-json\/wp\/v2\/posts\/20542","targetHints":{"allow":["GET"]}}],"collection":[{"href":"https:\/\/agora.xtec.cat\/ceipalba\/wp-json\/wp\/v2\/posts"}],"about":[{"href":"https:\/\/agora.xtec.cat\/ceipalba\/wp-json\/wp\/v2\/types\/post"}],"author":[{"embeddable":true,"href":"https:\/\/agora.xtec.cat\/ceipalba\/wp-json\/wp\/v2\/users\/58"}],"replies":[{"embeddable":true,"href":"https:\/\/agora.xtec.cat\/ceipalba\/wp-json\/wp\/v2\/comments?post=20542"}],"version-history":[{"count":2,"href":"https:\/\/agora.xtec.cat\/ceipalba\/wp-json\/wp\/v2\/posts\/20542\/revisions"}],"predecessor-version":[{"id":20545,"href":"https:\/\/agora.xtec.cat\/ceipalba\/wp-json\/wp\/v2\/posts\/20542\/revisions\/20545"}],"wp:featuredmedia":[{"embeddable":true,"href":"https:\/\/agora.xtec.cat\/ceipalba\/wp-json\/wp\/v2\/media\/20543"}],"wp:attachment":[{"href":"https:\/\/agora.xtec.cat\/ceipalba\/wp-json\/wp\/v2\/media?parent=20542"}],"wp:term":[{"taxonomy":"category","embeddable":true,"href":"https:\/\/agora.xtec.cat\/ceipalba\/wp-json\/wp\/v2\/categories?post=20542"},{"taxonomy":"post_tag","embeddable":true,"href":"https:\/\/agora.xtec.cat\/ceipalba\/wp-json\/wp\/v2\/tags?post=20542"}],"curies":[{"name":"wp","href":"https:\/\/api.w.org\/{rel}","templated":true}]}}