{"id":9260,"date":"2022-11-29T16:36:16","date_gmt":"2022-11-29T15:36:16","guid":{"rendered":"https:\/\/agora.xtec.cat\/ceipabatmarcet\/?p=9260"},"modified":"2022-11-29T16:43:12","modified_gmt":"2022-11-29T15:43:12","slug":"xix-trobada-escolar-de-nadales-de-primaria","status":"publish","type":"post","link":"https:\/\/agora.xtec.cat\/ceipabatmarcet\/general\/xix-trobada-escolar-de-nadales-de-primaria\/","title":{"rendered":"XIX Trobada escolar de Nadales de Prim\u00e0ria"},"content":{"rendered":"<p>&nbsp;<\/p>\n<p><span style=\"color: #000080;\">L&#8217;alumnat de 6\u00e8 participar\u00e0 aquest dijous 1 de desembre a la XIX trobada escolar de Nadales de Prim\u00e0ria junt amb altres escoles de la ciutat. Aqu\u00ed podeu veure el d\u00edptic del programa!<\/span><\/p>\n<p><a href=\"https:\/\/agora.xtec.cat\/ceipabatmarcet\/wp-content\/uploads\/usu1494\/2022\/11\/diptic_nadales_2022.pdf\"><img loading=\"lazy\" decoding=\"async\" class=\"alignnone wp-image-9262 size-large\" src=\"https:\/\/agora.xtec.cat\/ceipabatmarcet\/wp-content\/uploads\/usu1494\/2022\/11\/trobada-escolar-nadales_0001-1024x724.jpg\" alt=\"\" width=\"1024\" height=\"724\" srcset=\"https:\/\/agora.xtec.cat\/ceipabatmarcet\/wp-content\/uploads\/usu1494\/2022\/11\/trobada-escolar-nadales_0001-1024x724.jpg 1024w, https:\/\/agora.xtec.cat\/ceipabatmarcet\/wp-content\/uploads\/usu1494\/2022\/11\/trobada-escolar-nadales_0001-300x212.jpg 300w, https:\/\/agora.xtec.cat\/ceipabatmarcet\/wp-content\/uploads\/usu1494\/2022\/11\/trobada-escolar-nadales_0001-768x543.jpg 768w, https:\/\/agora.xtec.cat\/ceipabatmarcet\/wp-content\/uploads\/usu1494\/2022\/11\/trobada-escolar-nadales_0001-1536x1086.jpg 1536w, https:\/\/agora.xtec.cat\/ceipabatmarcet\/wp-content\/uploads\/usu1494\/2022\/11\/trobada-escolar-nadales_0001-2048x1448.jpg 2048w\" sizes=\"auto, (max-width: 1024px) 100vw, 1024px\" \/><\/a><\/p>\n<p><a href=\"https:\/\/agora.xtec.cat\/ceipabatmarcet\/wp-content\/uploads\/usu1494\/2022\/11\/diptic_nadales_2022.pdf\">diptic_nadales_2022<\/a><\/p>\n<p>&nbsp;<\/p>\n","protected":false},"excerpt":{"rendered":"<p>&nbsp; L&#8217;alumnat de 6\u00e8 participar\u00e0 aquest dijous 1 de desembre a la XIX trobada escolar de Nadales de Prim\u00e0ria junt amb altres escoles de la ciutat. Aqu\u00ed podeu veure el d\u00edptic del programa! diptic_nadales_2022 &nbsp;<\/p>\n","protected":false},"author":1,"featured_media":0,"comment_status":"open","ping_status":"closed","sticky":false,"template":"","format":"standard","meta":{"_bbp_topic_count":0,"_bbp_reply_count":0,"_bbp_total_topic_count":0,"_bbp_total_reply_count":0,"_bbp_voice_count":0,"_bbp_anonymous_reply_count":0,"_bbp_topic_count_hidden":0,"_bbp_reply_count_hidden":0,"_bbp_forum_subforum_count":0,"site-sidebar-layout":"default","site-content-layout":"","ast-site-content-layout":"","site-content-style":"default","site-sidebar-style":"default","ast-global-header-display":"","ast-banner-title-visibility":"","ast-main-header-display":"","ast-hfb-above-header-display":"","ast-hfb-below-header-display":"","ast-hfb-mobile-header-display":"","site-post-title":"","ast-breadcrumbs-content":"","ast-featured-img":"","footer-sml-layout":"","theme-transparent-header-meta":"","adv-header-id-meta":"","stick-header-meta":"","header-above-stick-meta":"","header-main-stick-meta":"","header-below-stick-meta":"","astra-migrate-meta-layouts":"default","ast-page-background-enabled":"default","ast-page-background-meta":{"desktop":{"background-color":"var(--ast-global-color-4)","background-image":"","background-repeat":"repeat","background-position":"center center","background-size":"auto","background-attachment":"scroll","background-type":"","background-media":"","overlay-type":"","overlay-color":"","overlay-opacity":"","overlay-gradient":""},"tablet":{"background-color":"","background-image":"","background-repeat":"repeat","background-position":"center center","background-size":"auto","background-attachment":"scroll","background-type":"","background-media":"","overlay-type":"","overlay-color":"","overlay-opacity":"","overlay-gradient":""},"mobile":{"background-color":"","background-image":"","background-repeat":"repeat","background-position":"center center","background-size":"auto","background-attachment":"scroll","background-type":"","background-media":"","overlay-type":"","overlay-color":"","overlay-opacity":"","overlay-gradient":""}},"ast-content-background-meta":{"desktop":{"background-color":"var(--ast-global-color-5)","background-image":"","background-repeat":"repeat","background-position":"center center","background-size":"auto","background-attachment":"scroll","background-type":"","background-media":"","overlay-type":"","overlay-color":"","overlay-opacity":"","overlay-gradient":""},"tablet":{"background-color":"var(--ast-global-color-5)","background-image":"","background-repeat":"repeat","background-position":"center center","background-size":"auto","background-attachment":"scroll","background-type":"","background-media":"","overlay-type":"","overlay-color":"","overlay-opacity":"","overlay-gradient":""},"mobile":{"background-color":"var(--ast-global-color-5)","background-image":"","background-repeat":"repeat","background-position":"center center","background-size":"auto","background-attachment":"scroll","background-type":"","background-media":"","overlay-type":"","overlay-color":"","overlay-opacity":"","overlay-gradient":""}},"footnotes":""},"categories":[15,1,4],"tags":[],"class_list":["post-9260","post","type-post","status-publish","format-standard","hentry","category-6e","category-general","category-portada"],"post_mailing_queue_ids":[],"_links":{"self":[{"href":"https:\/\/agora.xtec.cat\/ceipabatmarcet\/wp-json\/wp\/v2\/posts\/9260","targetHints":{"allow":["GET"]}}],"collection":[{"href":"https:\/\/agora.xtec.cat\/ceipabatmarcet\/wp-json\/wp\/v2\/posts"}],"about":[{"href":"https:\/\/agora.xtec.cat\/ceipabatmarcet\/wp-json\/wp\/v2\/types\/post"}],"author":[{"embeddable":true,"href":"https:\/\/agora.xtec.cat\/ceipabatmarcet\/wp-json\/wp\/v2\/users\/1"}],"replies":[{"embeddable":true,"href":"https:\/\/agora.xtec.cat\/ceipabatmarcet\/wp-json\/wp\/v2\/comments?post=9260"}],"version-history":[{"count":2,"href":"https:\/\/agora.xtec.cat\/ceipabatmarcet\/wp-json\/wp\/v2\/posts\/9260\/revisions"}],"predecessor-version":[{"id":9265,"href":"https:\/\/agora.xtec.cat\/ceipabatmarcet\/wp-json\/wp\/v2\/posts\/9260\/revisions\/9265"}],"wp:attachment":[{"href":"https:\/\/agora.xtec.cat\/ceipabatmarcet\/wp-json\/wp\/v2\/media?parent=9260"}],"wp:term":[{"taxonomy":"category","embeddable":true,"href":"https:\/\/agora.xtec.cat\/ceipabatmarcet\/wp-json\/wp\/v2\/categories?post=9260"},{"taxonomy":"post_tag","embeddable":true,"href":"https:\/\/agora.xtec.cat\/ceipabatmarcet\/wp-json\/wp\/v2\/tags?post=9260"}],"curies":[{"name":"wp","href":"https:\/\/api.w.org\/{rel}","templated":true}]}}