{"id":9171,"date":"2022-10-19T20:19:25","date_gmt":"2022-10-19T18:19:25","guid":{"rendered":"https:\/\/agora.xtec.cat\/ceipabatmarcet\/?p=9171"},"modified":"2022-10-19T20:20:35","modified_gmt":"2022-10-19T18:20:35","slug":"obra-artistica-al-museu-textil","status":"publish","type":"post","link":"https:\/\/agora.xtec.cat\/ceipabatmarcet\/general\/obra-artistica-al-museu-textil\/","title":{"rendered":"Obra art\u00edstica al Museu T\u00e8xtil"},"content":{"rendered":"<p>Durant el curs passat, l&#8217;antic alumnat de 6\u00e8 va construir una obra art\u00edstica que trobareu exposada al Museu T\u00e8xtil de la nostra ciutat des del 17 de setembre fins al 6 de novembre.<\/p>\n<p>La pe\u00e7a va n\u00e9ixer fruit d&#8217;una jornada amb l&#8217;artista N\u00faria Benet i despr\u00e9s de con\u00e8ixer la biografia de la Quit\u00e8ria Tarrag\u00f3 Casellas, amb la idea de fer una crida a la llibertat i de trencar cadenes. Tamb\u00e9, d&#8217;al\u00e7ar la veu contra l&#8217;opressi\u00f3 i la discriminaci\u00f3, aix\u00ed com lloar l&#8217;equitat i la igualtat d&#8217;oportunitats.<\/p>\n<p>Part de l&#8217;alumnat creador i les seves tutores van anar a fer-hi una visita, i van retrobar-se amb l&#8217;artista inspiradora \ud83d\udc9c<\/p>\n<p><a href=\"https:\/\/agora.xtec.cat\/ceipabatmarcet\/wp-content\/uploads\/usu1494\/2022\/10\/e1dc71db-5fe0-457d-8d49-26ed2ba34ded.jpg\"><img loading=\"lazy\" decoding=\"async\" class=\"alignnone size-large wp-image-9172\" src=\"https:\/\/agora.xtec.cat\/ceipabatmarcet\/wp-content\/uploads\/usu1494\/2022\/10\/e1dc71db-5fe0-457d-8d49-26ed2ba34ded-1024x498.jpg\" alt=\"\" width=\"1024\" height=\"498\" srcset=\"https:\/\/agora.xtec.cat\/ceipabatmarcet\/wp-content\/uploads\/usu1494\/2022\/10\/e1dc71db-5fe0-457d-8d49-26ed2ba34ded-1024x498.jpg 1024w, https:\/\/agora.xtec.cat\/ceipabatmarcet\/wp-content\/uploads\/usu1494\/2022\/10\/e1dc71db-5fe0-457d-8d49-26ed2ba34ded-300x146.jpg 300w, https:\/\/agora.xtec.cat\/ceipabatmarcet\/wp-content\/uploads\/usu1494\/2022\/10\/e1dc71db-5fe0-457d-8d49-26ed2ba34ded-768x373.jpg 768w, https:\/\/agora.xtec.cat\/ceipabatmarcet\/wp-content\/uploads\/usu1494\/2022\/10\/e1dc71db-5fe0-457d-8d49-26ed2ba34ded-1536x746.jpg 1536w, https:\/\/agora.xtec.cat\/ceipabatmarcet\/wp-content\/uploads\/usu1494\/2022\/10\/e1dc71db-5fe0-457d-8d49-26ed2ba34ded.jpg 1599w\" sizes=\"auto, (max-width: 1024px) 100vw, 1024px\" \/><\/a><\/p>\n","protected":false},"excerpt":{"rendered":"<p>Durant el curs passat, l&#8217;antic alumnat de 6\u00e8 va construir una obra art\u00edstica que trobareu exposada al Museu T\u00e8xtil de la nostra ciutat des del 17 de setembre fins al 6 de novembre. La pe\u00e7a va n\u00e9ixer fruit d&#8217;una jornada amb l&#8217;artista N\u00faria Benet i despr\u00e9s de con\u00e8ixer la biografia de la Quit\u00e8ria Tarrag\u00f3 Casellas, [&hellip;]<\/p>\n","protected":false},"author":42,"featured_media":9173,"comment_status":"open","ping_status":"closed","sticky":false,"template":"","format":"standard","meta":{"_bbp_topic_count":0,"_bbp_reply_count":0,"_bbp_total_topic_count":0,"_bbp_total_reply_count":0,"_bbp_voice_count":0,"_bbp_anonymous_reply_count":0,"_bbp_topic_count_hidden":0,"_bbp_reply_count_hidden":0,"_bbp_forum_subforum_count":0,"site-sidebar-layout":"default","site-content-layout":"","ast-site-content-layout":"","site-content-style":"default","site-sidebar-style":"default","ast-global-header-display":"","ast-banner-title-visibility":"","ast-main-header-display":"","ast-hfb-above-header-display":"","ast-hfb-below-header-display":"","ast-hfb-mobile-header-display":"","site-post-title":"","ast-breadcrumbs-content":"","ast-featured-img":"","footer-sml-layout":"","theme-transparent-header-meta":"","adv-header-id-meta":"","stick-header-meta":"","header-above-stick-meta":"","header-main-stick-meta":"","header-below-stick-meta":"","astra-migrate-meta-layouts":"default","ast-page-background-enabled":"default","ast-page-background-meta":{"desktop":{"background-color":"var(--ast-global-color-4)","background-image":"","background-repeat":"repeat","background-position":"center center","background-size":"auto","background-attachment":"scroll","background-type":"","background-media":"","overlay-type":"","overlay-color":"","overlay-opacity":"","overlay-gradient":""},"tablet":{"background-color":"","background-image":"","background-repeat":"repeat","background-position":"center center","background-size":"auto","background-attachment":"scroll","background-type":"","background-media":"","overlay-type":"","overlay-color":"","overlay-opacity":"","overlay-gradient":""},"mobile":{"background-color":"","background-image":"","background-repeat":"repeat","background-position":"center center","background-size":"auto","background-attachment":"scroll","background-type":"","background-media":"","overlay-type":"","overlay-color":"","overlay-opacity":"","overlay-gradient":""}},"ast-content-background-meta":{"desktop":{"background-color":"var(--ast-global-color-5)","background-image":"","background-repeat":"repeat","background-position":"center center","background-size":"auto","background-attachment":"scroll","background-type":"","background-media":"","overlay-type":"","overlay-color":"","overlay-opacity":"","overlay-gradient":""},"tablet":{"background-color":"var(--ast-global-color-5)","background-image":"","background-repeat":"repeat","background-position":"center center","background-size":"auto","background-attachment":"scroll","background-type":"","background-media":"","overlay-type":"","overlay-color":"","overlay-opacity":"","overlay-gradient":""},"mobile":{"background-color":"var(--ast-global-color-5)","background-image":"","background-repeat":"repeat","background-position":"center center","background-size":"auto","background-attachment":"scroll","background-type":"","background-media":"","overlay-type":"","overlay-color":"","overlay-opacity":"","overlay-gradient":""}},"footnotes":""},"categories":[15,156,1,4,5],"tags":[],"class_list":["post-9171","post","type-post","status-publish","format-standard","has-post-thumbnail","hentry","category-6e","category-coeducat","category-general","category-portada","category-primaria"],"post_mailing_queue_ids":[],"_links":{"self":[{"href":"https:\/\/agora.xtec.cat\/ceipabatmarcet\/wp-json\/wp\/v2\/posts\/9171","targetHints":{"allow":["GET"]}}],"collection":[{"href":"https:\/\/agora.xtec.cat\/ceipabatmarcet\/wp-json\/wp\/v2\/posts"}],"about":[{"href":"https:\/\/agora.xtec.cat\/ceipabatmarcet\/wp-json\/wp\/v2\/types\/post"}],"author":[{"embeddable":true,"href":"https:\/\/agora.xtec.cat\/ceipabatmarcet\/wp-json\/wp\/v2\/users\/42"}],"replies":[{"embeddable":true,"href":"https:\/\/agora.xtec.cat\/ceipabatmarcet\/wp-json\/wp\/v2\/comments?post=9171"}],"version-history":[{"count":3,"href":"https:\/\/agora.xtec.cat\/ceipabatmarcet\/wp-json\/wp\/v2\/posts\/9171\/revisions"}],"predecessor-version":[{"id":9176,"href":"https:\/\/agora.xtec.cat\/ceipabatmarcet\/wp-json\/wp\/v2\/posts\/9171\/revisions\/9176"}],"wp:featuredmedia":[{"embeddable":true,"href":"https:\/\/agora.xtec.cat\/ceipabatmarcet\/wp-json\/wp\/v2\/media\/9173"}],"wp:attachment":[{"href":"https:\/\/agora.xtec.cat\/ceipabatmarcet\/wp-json\/wp\/v2\/media?parent=9171"}],"wp:term":[{"taxonomy":"category","embeddable":true,"href":"https:\/\/agora.xtec.cat\/ceipabatmarcet\/wp-json\/wp\/v2\/categories?post=9171"},{"taxonomy":"post_tag","embeddable":true,"href":"https:\/\/agora.xtec.cat\/ceipabatmarcet\/wp-json\/wp\/v2\/tags?post=9171"}],"curies":[{"name":"wp","href":"https:\/\/api.w.org\/{rel}","templated":true}]}}