{"id":9077,"date":"2022-06-24T11:33:05","date_gmt":"2022-06-24T09:33:05","guid":{"rendered":"https:\/\/agora.xtec.cat\/ceipabatmarcet\/?p=9077"},"modified":"2022-06-24T11:36:10","modified_gmt":"2022-06-24T09:36:10","slug":"festa-major-2022%f0%9f%a5%b3","status":"publish","type":"post","link":"https:\/\/agora.xtec.cat\/ceipabatmarcet\/general\/festa-major-2022%f0%9f%a5%b3\/","title":{"rendered":"Festa Major 2022\ud83e\udd73"},"content":{"rendered":"<p style=\"text-align: left\">El curs ha acabat ple d\u2019una barreja d\u2019emocions! D\u2019una banda, tot l\u2019alumnat d\u2019Infantil i Prim\u00e0ria ha gaudit de les activitats preparades per celebrar la Festa Major a l\u2019Abat Marcet! D\u2019altra banda, l\u2019alumnat de 6\u00e8 s\u2019acomiadava de l\u2019escola donat que al proper curs comencen una nova etapa a l\u2019Institut.<\/p>\n<p>Aquesta festa es va iniciar amb la presentaci\u00f3 de la pubilla i el pubill i va continuar amb tot un seguit d\u2019activitats. Enguany l\u2019alumnat ha quedat sorpr\u00e8s amb els espectacles de m\u00e0gia que ha realitzat un mag de Terrassa. Tamb\u00e9 s\u2019han fet tallers de globofl\u00e8xia, trucs i malabars. De manera col.lectiva, totes les nenes i nens han esmor\u00e7at a l\u2019escola i, per acabar, s\u2019ha celebrat la festa de l\u2019aigua per combatre les altes temperatures d\u2019aquestes darreres setmanes!<\/p>\n<p>La Festa Major ha estat un \u00e8xit per\u00f2 tamb\u00e9 ha anat acompanyada d\u2019un moment emotiu per tothom que a vegades porta una mica de tristesa o enyoran\u00e7a: el comiat de l\u2019alumnat de 6\u00e8.<\/p>\n<p>Sota aquestes l\u00ednies trobareu una imatge que, en clicar-la us mostrar\u00e0 algunes fotografies d\u2019aquests \u00faltims dies del curs 2021-2022.<\/p>\n<p style=\"padding-left: 40px\"><a href=\"https:\/\/drive.google.com\/drive\/folders\/1-Hy4HdirrMQHWJss3SQNf92SXE8VIik8\" target=\"_blank\" rel=\"noopener\"><img loading=\"lazy\" decoding=\"async\" class=\"aligncenter wp-image-9078 size-medium\" src=\"https:\/\/agora.xtec.cat\/ceipabatmarcet\/wp-content\/uploads\/usu1494\/2022\/06\/89825D0C-5ACB-4CEC-B929-DC2C47BBE4E2-300x300.jpeg\" alt=\"\" width=\"300\" height=\"300\" srcset=\"https:\/\/agora.xtec.cat\/ceipabatmarcet\/wp-content\/uploads\/usu1494\/2022\/06\/89825D0C-5ACB-4CEC-B929-DC2C47BBE4E2-300x300.jpeg 300w, https:\/\/agora.xtec.cat\/ceipabatmarcet\/wp-content\/uploads\/usu1494\/2022\/06\/89825D0C-5ACB-4CEC-B929-DC2C47BBE4E2-150x150.jpeg 150w, https:\/\/agora.xtec.cat\/ceipabatmarcet\/wp-content\/uploads\/usu1494\/2022\/06\/89825D0C-5ACB-4CEC-B929-DC2C47BBE4E2-768x771.jpeg 768w, https:\/\/agora.xtec.cat\/ceipabatmarcet\/wp-content\/uploads\/usu1494\/2022\/06\/89825D0C-5ACB-4CEC-B929-DC2C47BBE4E2.jpeg 828w\" sizes=\"auto, (max-width: 300px) 100vw, 300px\" \/><\/a><\/p>\n<p>A gaudir de les vacances i\u2026 fins aviat!!\ud83d\ude18<\/p>\n","protected":false},"excerpt":{"rendered":"<p>El curs ha acabat ple d\u2019una barreja d\u2019emocions! D\u2019una banda, tot l\u2019alumnat d\u2019Infantil i Prim\u00e0ria ha gaudit de les activitats preparades per celebrar la Festa Major a l\u2019Abat Marcet! D\u2019altra banda, l\u2019alumnat de 6\u00e8 s\u2019acomiadava de l\u2019escola donat que al proper curs comencen una nova etapa a l\u2019Institut. Aquesta festa es va iniciar amb la [&hellip;]<\/p>\n","protected":false},"author":9,"featured_media":9078,"comment_status":"open","ping_status":"closed","sticky":false,"template":"","format":"standard","meta":{"_bbp_topic_count":0,"_bbp_reply_count":0,"_bbp_total_topic_count":0,"_bbp_total_reply_count":0,"_bbp_voice_count":0,"_bbp_anonymous_reply_count":0,"_bbp_topic_count_hidden":0,"_bbp_reply_count_hidden":0,"_bbp_forum_subforum_count":0,"site-sidebar-layout":"default","site-content-layout":"","ast-site-content-layout":"","site-content-style":"default","site-sidebar-style":"default","ast-global-header-display":"","ast-banner-title-visibility":"","ast-main-header-display":"","ast-hfb-above-header-display":"","ast-hfb-below-header-display":"","ast-hfb-mobile-header-display":"","site-post-title":"","ast-breadcrumbs-content":"","ast-featured-img":"","footer-sml-layout":"","theme-transparent-header-meta":"","adv-header-id-meta":"","stick-header-meta":"","header-above-stick-meta":"","header-main-stick-meta":"","header-below-stick-meta":"","astra-migrate-meta-layouts":"default","ast-page-background-enabled":"default","ast-page-background-meta":{"desktop":{"background-color":"var(--ast-global-color-4)","background-image":"","background-repeat":"repeat","background-position":"center center","background-size":"auto","background-attachment":"scroll","background-type":"","background-media":"","overlay-type":"","overlay-color":"","overlay-opacity":"","overlay-gradient":""},"tablet":{"background-color":"","background-image":"","background-repeat":"repeat","background-position":"center center","background-size":"auto","background-attachment":"scroll","background-type":"","background-media":"","overlay-type":"","overlay-color":"","overlay-opacity":"","overlay-gradient":""},"mobile":{"background-color":"","background-image":"","background-repeat":"repeat","background-position":"center center","background-size":"auto","background-attachment":"scroll","background-type":"","background-media":"","overlay-type":"","overlay-color":"","overlay-opacity":"","overlay-gradient":""}},"ast-content-background-meta":{"desktop":{"background-color":"var(--ast-global-color-5)","background-image":"","background-repeat":"repeat","background-position":"center center","background-size":"auto","background-attachment":"scroll","background-type":"","background-media":"","overlay-type":"","overlay-color":"","overlay-opacity":"","overlay-gradient":""},"tablet":{"background-color":"var(--ast-global-color-5)","background-image":"","background-repeat":"repeat","background-position":"center center","background-size":"auto","background-attachment":"scroll","background-type":"","background-media":"","overlay-type":"","overlay-color":"","overlay-opacity":"","overlay-gradient":""},"mobile":{"background-color":"var(--ast-global-color-5)","background-image":"","background-repeat":"repeat","background-position":"center center","background-size":"auto","background-attachment":"scroll","background-type":"","background-media":"","overlay-type":"","overlay-color":"","overlay-opacity":"","overlay-gradient":""}},"footnotes":""},"categories":[1,4],"tags":[],"class_list":["post-9077","post","type-post","status-publish","format-standard","has-post-thumbnail","hentry","category-general","category-portada"],"post_mailing_queue_ids":[],"_links":{"self":[{"href":"https:\/\/agora.xtec.cat\/ceipabatmarcet\/wp-json\/wp\/v2\/posts\/9077","targetHints":{"allow":["GET"]}}],"collection":[{"href":"https:\/\/agora.xtec.cat\/ceipabatmarcet\/wp-json\/wp\/v2\/posts"}],"about":[{"href":"https:\/\/agora.xtec.cat\/ceipabatmarcet\/wp-json\/wp\/v2\/types\/post"}],"author":[{"embeddable":true,"href":"https:\/\/agora.xtec.cat\/ceipabatmarcet\/wp-json\/wp\/v2\/users\/9"}],"replies":[{"embeddable":true,"href":"https:\/\/agora.xtec.cat\/ceipabatmarcet\/wp-json\/wp\/v2\/comments?post=9077"}],"version-history":[{"count":3,"href":"https:\/\/agora.xtec.cat\/ceipabatmarcet\/wp-json\/wp\/v2\/posts\/9077\/revisions"}],"predecessor-version":[{"id":9084,"href":"https:\/\/agora.xtec.cat\/ceipabatmarcet\/wp-json\/wp\/v2\/posts\/9077\/revisions\/9084"}],"wp:featuredmedia":[{"embeddable":true,"href":"https:\/\/agora.xtec.cat\/ceipabatmarcet\/wp-json\/wp\/v2\/media\/9078"}],"wp:attachment":[{"href":"https:\/\/agora.xtec.cat\/ceipabatmarcet\/wp-json\/wp\/v2\/media?parent=9077"}],"wp:term":[{"taxonomy":"category","embeddable":true,"href":"https:\/\/agora.xtec.cat\/ceipabatmarcet\/wp-json\/wp\/v2\/categories?post=9077"},{"taxonomy":"post_tag","embeddable":true,"href":"https:\/\/agora.xtec.cat\/ceipabatmarcet\/wp-json\/wp\/v2\/tags?post=9077"}],"curies":[{"name":"wp","href":"https:\/\/api.w.org\/{rel}","templated":true}]}}