{"id":8290,"date":"2021-10-26T09:00:46","date_gmt":"2021-10-26T07:00:46","guid":{"rendered":"https:\/\/agora.xtec.cat\/ceipabatmarcet\/?p=8290"},"modified":"2021-10-26T13:39:37","modified_gmt":"2021-10-26T11:39:37","slug":"properament","status":"publish","type":"post","link":"https:\/\/agora.xtec.cat\/ceipabatmarcet\/general\/properament\/","title":{"rendered":"Properament&#8230;"},"content":{"rendered":"<p><span style=\"color: #993300;\">Inici de l&#8217;Espai d&#8217;Infants i Fam\u00edlies: <strong>dijous, 4 de novembre de 2021<\/strong><\/span><\/p>\n<p style=\"text-align: center;\"><span style=\"color: #993300;\"><em>Fam\u00edlies de P3 juntes per ajudar a cr\u00e9ixer<\/em><\/span><\/p>\n<p><a href=\"https:\/\/agora.xtec.cat\/ceipabatmarcet\/wp-content\/uploads\/usu1494\/2021\/10\/PHOTO-2021-10-19-17-41-29.jpg\"><img loading=\"lazy\" decoding=\"async\" class=\"wp-image-8291 aligncenter\" src=\"https:\/\/agora.xtec.cat\/ceipabatmarcet\/wp-content\/uploads\/usu1494\/2021\/10\/PHOTO-2021-10-19-17-41-29-1024x768.jpg\" alt=\"\" width=\"430\" height=\"323\" srcset=\"https:\/\/agora.xtec.cat\/ceipabatmarcet\/wp-content\/uploads\/usu1494\/2021\/10\/PHOTO-2021-10-19-17-41-29-1024x768.jpg 1024w, https:\/\/agora.xtec.cat\/ceipabatmarcet\/wp-content\/uploads\/usu1494\/2021\/10\/PHOTO-2021-10-19-17-41-29-300x225.jpg 300w, https:\/\/agora.xtec.cat\/ceipabatmarcet\/wp-content\/uploads\/usu1494\/2021\/10\/PHOTO-2021-10-19-17-41-29-768x576.jpg 768w, https:\/\/agora.xtec.cat\/ceipabatmarcet\/wp-content\/uploads\/usu1494\/2021\/10\/PHOTO-2021-10-19-17-41-29-1536x1152.jpg 1536w, https:\/\/agora.xtec.cat\/ceipabatmarcet\/wp-content\/uploads\/usu1494\/2021\/10\/PHOTO-2021-10-19-17-41-29-200x150.jpg 200w, https:\/\/agora.xtec.cat\/ceipabatmarcet\/wp-content\/uploads\/usu1494\/2021\/10\/PHOTO-2021-10-19-17-41-29.jpg 2048w\" sizes=\"auto, (max-width: 430px) 100vw, 430px\" \/><\/a><\/p>\n<p><span style=\"color: #333399;\"><strong>Objectius:<\/strong><\/span><\/p>\n<ul>\n<li><span style=\"color: #333399;\"><strong style=\"font-family: inherit; font-size: 1em;\">Compartir<\/strong><span style=\"font-family: inherit; font-size: 1em;\"> amb les fam\u00edlies el proc\u00e9s d\u2019educaci\u00f3 i <\/span><strong style=\"font-family: inherit; font-size: 1em;\">crian\u00e7a<\/strong><span style=\"font-family: inherit; font-size: 1em;\"> i refor\u00e7ar el vincle afectiu.<\/span><\/span><\/li>\n<li><span style=\"color: #333399;\">Trobar un lloc on mares, pares i infants es puguin <strong>relacionar <\/strong>de manera exclusiva i relaxada.<\/span><\/li>\n<li><span style=\"color: #333399;\">Espai per gaudir estones de joc, <strong>experi\u00e8ncies<\/strong>, <strong>opinions<\/strong> i <strong>dubtes<\/strong>.<\/span><\/li>\n<\/ul>\n<table style=\"width: 100%; border-collapse: collapse; background-color: #f2f4f5;\">\n<tbody>\n<tr>\n<td style=\"width: 623.551px;\">\n<p style=\"text-align: center;\"><span style=\"color: #333399;\">1r grup:\u00a0 4, 11, 18 i 25 de novembre<\/span><\/p>\n<p style=\"text-align: center;\"><span style=\"color: #333399;\">*<em>Cada grup\u00a0 estar\u00e0 format per 5 fam\u00edlies<\/em>.<\/span><\/p>\n<\/td>\n<\/tr>\n<\/tbody>\n<\/table>\n<p>&nbsp;<\/p>\n","protected":false},"excerpt":{"rendered":"<p>Inici de l&#8217;Espai d&#8217;Infants i Fam\u00edlies: dijous, 4 de novembre de 2021 Fam\u00edlies de P3 juntes per ajudar a cr\u00e9ixer Objectius: Compartir amb les fam\u00edlies el proc\u00e9s d\u2019educaci\u00f3 i crian\u00e7a i refor\u00e7ar el vincle afectiu. Trobar un lloc on mares, pares i infants es puguin relacionar de manera exclusiva i relaxada. Espai per gaudir estones [&hellip;]<\/p>\n","protected":false},"author":1,"featured_media":0,"comment_status":"open","ping_status":"closed","sticky":false,"template":"","format":"standard","meta":{"_bbp_topic_count":0,"_bbp_reply_count":0,"_bbp_total_topic_count":0,"_bbp_total_reply_count":0,"_bbp_voice_count":0,"_bbp_anonymous_reply_count":0,"_bbp_topic_count_hidden":0,"_bbp_reply_count_hidden":0,"_bbp_forum_subforum_count":0,"site-sidebar-layout":"default","site-content-layout":"","ast-site-content-layout":"","site-content-style":"default","site-sidebar-style":"default","ast-global-header-display":"","ast-banner-title-visibility":"","ast-main-header-display":"","ast-hfb-above-header-display":"","ast-hfb-below-header-display":"","ast-hfb-mobile-header-display":"","site-post-title":"","ast-breadcrumbs-content":"","ast-featured-img":"","footer-sml-layout":"","theme-transparent-header-meta":"","adv-header-id-meta":"","stick-header-meta":"","header-above-stick-meta":"","header-main-stick-meta":"","header-below-stick-meta":"","astra-migrate-meta-layouts":"default","ast-page-background-enabled":"default","ast-page-background-meta":{"desktop":{"background-color":"var(--ast-global-color-4)","background-image":"","background-repeat":"repeat","background-position":"center center","background-size":"auto","background-attachment":"scroll","background-type":"","background-media":"","overlay-type":"","overlay-color":"","overlay-opacity":"","overlay-gradient":""},"tablet":{"background-color":"","background-image":"","background-repeat":"repeat","background-position":"center center","background-size":"auto","background-attachment":"scroll","background-type":"","background-media":"","overlay-type":"","overlay-color":"","overlay-opacity":"","overlay-gradient":""},"mobile":{"background-color":"","background-image":"","background-repeat":"repeat","background-position":"center center","background-size":"auto","background-attachment":"scroll","background-type":"","background-media":"","overlay-type":"","overlay-color":"","overlay-opacity":"","overlay-gradient":""}},"ast-content-background-meta":{"desktop":{"background-color":"var(--ast-global-color-5)","background-image":"","background-repeat":"repeat","background-position":"center center","background-size":"auto","background-attachment":"scroll","background-type":"","background-media":"","overlay-type":"","overlay-color":"","overlay-opacity":"","overlay-gradient":""},"tablet":{"background-color":"var(--ast-global-color-5)","background-image":"","background-repeat":"repeat","background-position":"center center","background-size":"auto","background-attachment":"scroll","background-type":"","background-media":"","overlay-type":"","overlay-color":"","overlay-opacity":"","overlay-gradient":""},"mobile":{"background-color":"var(--ast-global-color-5)","background-image":"","background-repeat":"repeat","background-position":"center center","background-size":"auto","background-attachment":"scroll","background-type":"","background-media":"","overlay-type":"","overlay-color":"","overlay-opacity":"","overlay-gradient":""}},"footnotes":""},"categories":[1,3,4],"tags":[171],"class_list":["post-8290","post","type-post","status-publish","format-standard","hentry","category-general","category-i3","category-portada","tag-espai-dinfants-i-families"],"post_mailing_queue_ids":[],"_links":{"self":[{"href":"https:\/\/agora.xtec.cat\/ceipabatmarcet\/wp-json\/wp\/v2\/posts\/8290","targetHints":{"allow":["GET"]}}],"collection":[{"href":"https:\/\/agora.xtec.cat\/ceipabatmarcet\/wp-json\/wp\/v2\/posts"}],"about":[{"href":"https:\/\/agora.xtec.cat\/ceipabatmarcet\/wp-json\/wp\/v2\/types\/post"}],"author":[{"embeddable":true,"href":"https:\/\/agora.xtec.cat\/ceipabatmarcet\/wp-json\/wp\/v2\/users\/1"}],"replies":[{"embeddable":true,"href":"https:\/\/agora.xtec.cat\/ceipabatmarcet\/wp-json\/wp\/v2\/comments?post=8290"}],"version-history":[{"count":2,"href":"https:\/\/agora.xtec.cat\/ceipabatmarcet\/wp-json\/wp\/v2\/posts\/8290\/revisions"}],"predecessor-version":[{"id":8321,"href":"https:\/\/agora.xtec.cat\/ceipabatmarcet\/wp-json\/wp\/v2\/posts\/8290\/revisions\/8321"}],"wp:attachment":[{"href":"https:\/\/agora.xtec.cat\/ceipabatmarcet\/wp-json\/wp\/v2\/media?parent=8290"}],"wp:term":[{"taxonomy":"category","embeddable":true,"href":"https:\/\/agora.xtec.cat\/ceipabatmarcet\/wp-json\/wp\/v2\/categories?post=8290"},{"taxonomy":"post_tag","embeddable":true,"href":"https:\/\/agora.xtec.cat\/ceipabatmarcet\/wp-json\/wp\/v2\/tags?post=8290"}],"curies":[{"name":"wp","href":"https:\/\/api.w.org\/{rel}","templated":true}]}}