{"id":7959,"date":"2021-03-24T15:19:23","date_gmt":"2021-03-24T14:19:23","guid":{"rendered":"http:\/\/agora.xtec.cat\/ceipabatmarcet\/?p=7959"},"modified":"2021-03-24T15:59:38","modified_gmt":"2021-03-24T14:59:38","slug":"liders-terrassenques","status":"publish","type":"post","link":"https:\/\/agora.xtec.cat\/ceipabatmarcet\/coeducat\/liders-terrassenques\/","title":{"rendered":"Liders Terrassenques"},"content":{"rendered":"<div>\n<table style=\"width: 380px; background-color: #f0eabd; height: 388px;\">\n<tbody>\n<tr style=\"height: 388px;\">\n<td style=\"width: 374.545px; height: 388px;\">23\/03\/2021\u00a0 \u00a0 <img loading=\"lazy\" decoding=\"async\" class=\"CToWUd\" src=\"https:\/\/mail.google.com\/mail\/e\/231a\" alt=\"\u231a\" width=\"37\" height=\"37\" data-goomoji=\"231a\" data-image-whitelisted=\"\" \/>\u00a0 12:20h<\/p>\n<p><img loading=\"lazy\" decoding=\"async\" class=\"CToWUd\" src=\"https:\/\/mail.google.com\/mail\/e\/1f4fb\" alt=\"\ud83d\udcfb\" width=\"35\" height=\"35\" data-goomoji=\"1f4fb\" data-image-whitelisted=\"\" \/> R\u00e0dio Municipal de Terrassa (95.2 FM)<\/p>\n<p><img loading=\"lazy\" decoding=\"async\" class=\"CToWUd\" src=\"https:\/\/mail.google.com\/mail\/e\/1f399\" alt=\"\ud83c\udf99\" width=\"34\" height=\"34\" data-goomoji=\"1f399\" data-image-whitelisted=\"\" \/>Programa El Submar\u00ed<\/p>\n<p>4a entrevista, tancant la s\u00e8rie &#8220;LIDERS TERRASSENQUES&#8221;<\/p>\n<div>Per exposar experi\u00e8ncies de lideratge feminista i transformador de dones\u00a0terrassenques.<\/div>\n<div><\/div>\n<p>&nbsp;<\/p>\n<p style=\"text-align: left;\"><strong>Escolta el podcast al minut 25!\u00a0 \u00a0 <a href=\"https:\/\/terrassadigital.cat\/radio\/el-submari\/\">https:\/\/terrassadigital.cat\/radio\/el-submari\/<\/a><\/strong><\/p>\n<\/td>\n<\/tr>\n<\/tbody>\n<\/table>\n<\/div>\n<div><\/div>\n<div><\/div>\n<p><img loading=\"lazy\" decoding=\"async\" class=\"CToWUd\" src=\"https:\/\/mail.google.com\/mail\/e\/1f449\" alt=\"\ud83d\udc49\" width=\"33\" height=\"33\" data-goomoji=\"1f449\" data-image-whitelisted=\"\" \/><span style=\"color: #993366;\"><em>En aquesta ocasi\u00f3 comptarem amb la J\u00daLIA L\u00d3PEZ QUINTANA, \u200bmestra d\u2019educaci\u00f3 infantil i prim\u00e0ria des del 1994 i experta-formadora en coeducaci\u00f3 a Terrassa. Actualment \u00e9s directora de l\u2019escola Abat Marcet des de l\u2019any 2016. En aquest centre ha creat la Comissi\u00f3 socioemocional i de coeducaci\u00f3 per tal de visibilitzar, sensibilitzar, realitzar activitats en perspectiva de g\u00e8nere i mirada coeducativa.\u00a0 Formadora, des de fa 10 anys, en Metodologia <\/em><\/span><span style=\"color: #993366;\"><em>i compet\u00e8ncies B\u00e0siques a infantil i prim\u00e0ria a l\u2019Institut de Ci\u00e8ncies d\u2019Educaci\u00f3 de Barcelona (UB). Actualment, formadora del Programa Coeduca\u2019t al Vall\u00e8s Occidental.<\/em><\/span><!--more--><\/p>\n<p><span style=\"color: #993366;\"><em>Forma part del grup de coeducaci\u00f3 de Terrassa \u201cEN CONSTRUCCI\u00d3\u201d des de 2019.<\/em><\/span><\/p>\n<p><a href=\"https:\/\/terrassadigital.cat\/radio\/el-submari\/\" target=\"_blank\" rel=\"noopener noreferrer\" data-saferedirecturl=\"https:\/\/www.google.com\/url?q=https:\/\/terrassadigital.cat\/radio\/el-submari\/&amp;source=gmail&amp;ust=1616680844850000&amp;usg=AFQjCNHsJt3e33FcU5gvlbEdHyEwjHJ_hw\">https:\/\/terrassadigital.cat\/<wbr \/>radio\/el-submari\/<\/a><\/p>\n<div><\/div>\n<p>\u200b#terrassa\u200b \u200b #lideratgesfeministes\u200b #coeducaci\u00f3 Ajuntament de Terrassa<\/p>\n<div><\/div>\n<div><\/div>\n","protected":false},"excerpt":{"rendered":"<p>23\/03\/2021\u00a0 \u00a0 \u00a0 12:20h R\u00e0dio Municipal de Terrassa (95.2 FM) Programa El Submar\u00ed 4a entrevista, tancant la s\u00e8rie &#8220;LIDERS TERRASSENQUES&#8221; Per exposar experi\u00e8ncies de lideratge feminista i transformador de dones\u00a0terrassenques. &nbsp; Escolta el podcast al minut 25!\u00a0 \u00a0 https:\/\/terrassadigital.cat\/radio\/el-submari\/ En aquesta ocasi\u00f3 comptarem amb la J\u00daLIA L\u00d3PEZ QUINTANA, \u200bmestra d\u2019educaci\u00f3 infantil i prim\u00e0ria des del [&hellip;]<\/p>\n","protected":false},"author":1,"featured_media":0,"comment_status":"open","ping_status":"closed","sticky":false,"template":"","format":"standard","meta":{"_bbp_topic_count":0,"_bbp_reply_count":0,"_bbp_total_topic_count":0,"_bbp_total_reply_count":0,"_bbp_voice_count":0,"_bbp_anonymous_reply_count":0,"_bbp_topic_count_hidden":0,"_bbp_reply_count_hidden":0,"_bbp_forum_subforum_count":0,"site-sidebar-layout":"default","site-content-layout":"","ast-site-content-layout":"","site-content-style":"default","site-sidebar-style":"default","ast-global-header-display":"","ast-banner-title-visibility":"","ast-main-header-display":"","ast-hfb-above-header-display":"","ast-hfb-below-header-display":"","ast-hfb-mobile-header-display":"","site-post-title":"","ast-breadcrumbs-content":"","ast-featured-img":"","footer-sml-layout":"","theme-transparent-header-meta":"","adv-header-id-meta":"","stick-header-meta":"","header-above-stick-meta":"","header-main-stick-meta":"","header-below-stick-meta":"","astra-migrate-meta-layouts":"default","ast-page-background-enabled":"default","ast-page-background-meta":{"desktop":{"background-color":"var(--ast-global-color-4)","background-image":"","background-repeat":"repeat","background-position":"center center","background-size":"auto","background-attachment":"scroll","background-type":"","background-media":"","overlay-type":"","overlay-color":"","overlay-opacity":"","overlay-gradient":""},"tablet":{"background-color":"","background-image":"","background-repeat":"repeat","background-position":"center center","background-size":"auto","background-attachment":"scroll","background-type":"","background-media":"","overlay-type":"","overlay-color":"","overlay-opacity":"","overlay-gradient":""},"mobile":{"background-color":"","background-image":"","background-repeat":"repeat","background-position":"center center","background-size":"auto","background-attachment":"scroll","background-type":"","background-media":"","overlay-type":"","overlay-color":"","overlay-opacity":"","overlay-gradient":""}},"ast-content-background-meta":{"desktop":{"background-color":"var(--ast-global-color-5)","background-image":"","background-repeat":"repeat","background-position":"center center","background-size":"auto","background-attachment":"scroll","background-type":"","background-media":"","overlay-type":"","overlay-color":"","overlay-opacity":"","overlay-gradient":""},"tablet":{"background-color":"var(--ast-global-color-5)","background-image":"","background-repeat":"repeat","background-position":"center center","background-size":"auto","background-attachment":"scroll","background-type":"","background-media":"","overlay-type":"","overlay-color":"","overlay-opacity":"","overlay-gradient":""},"mobile":{"background-color":"var(--ast-global-color-5)","background-image":"","background-repeat":"repeat","background-position":"center center","background-size":"auto","background-attachment":"scroll","background-type":"","background-media":"","overlay-type":"","overlay-color":"","overlay-opacity":"","overlay-gradient":""}},"footnotes":""},"categories":[156],"tags":[],"class_list":["post-7959","post","type-post","status-publish","format-standard","hentry","category-coeducat"],"post_mailing_queue_ids":[],"_links":{"self":[{"href":"https:\/\/agora.xtec.cat\/ceipabatmarcet\/wp-json\/wp\/v2\/posts\/7959","targetHints":{"allow":["GET"]}}],"collection":[{"href":"https:\/\/agora.xtec.cat\/ceipabatmarcet\/wp-json\/wp\/v2\/posts"}],"about":[{"href":"https:\/\/agora.xtec.cat\/ceipabatmarcet\/wp-json\/wp\/v2\/types\/post"}],"author":[{"embeddable":true,"href":"https:\/\/agora.xtec.cat\/ceipabatmarcet\/wp-json\/wp\/v2\/users\/1"}],"replies":[{"embeddable":true,"href":"https:\/\/agora.xtec.cat\/ceipabatmarcet\/wp-json\/wp\/v2\/comments?post=7959"}],"version-history":[{"count":4,"href":"https:\/\/agora.xtec.cat\/ceipabatmarcet\/wp-json\/wp\/v2\/posts\/7959\/revisions"}],"predecessor-version":[{"id":7973,"href":"https:\/\/agora.xtec.cat\/ceipabatmarcet\/wp-json\/wp\/v2\/posts\/7959\/revisions\/7973"}],"wp:attachment":[{"href":"https:\/\/agora.xtec.cat\/ceipabatmarcet\/wp-json\/wp\/v2\/media?parent=7959"}],"wp:term":[{"taxonomy":"category","embeddable":true,"href":"https:\/\/agora.xtec.cat\/ceipabatmarcet\/wp-json\/wp\/v2\/categories?post=7959"},{"taxonomy":"post_tag","embeddable":true,"href":"https:\/\/agora.xtec.cat\/ceipabatmarcet\/wp-json\/wp\/v2\/tags?post=7959"}],"curies":[{"name":"wp","href":"https:\/\/api.w.org\/{rel}","templated":true}]}}