{"id":7895,"date":"2021-03-13T18:59:33","date_gmt":"2021-03-13T17:59:33","guid":{"rendered":"http:\/\/agora.xtec.cat\/ceipabatmarcet\/?p=7895"},"modified":"2021-03-13T19:43:39","modified_gmt":"2021-03-13T18:43:39","slug":"el-8-de-marc-dia-internacional-de-les-dones","status":"publish","type":"post","link":"https:\/\/agora.xtec.cat\/ceipabatmarcet\/primaria\/6e\/el-8-de-marc-dia-internacional-de-les-dones\/","title":{"rendered":"El 8 de mar\u00e7: Dia Internacional de les Dones"},"content":{"rendered":"<h6><span style=\"color: #800080;\">El 8 de mar\u00e7 \u00e9s el Dia Internacional de les Dones, reconegut oficialment per l&#8217;Organitzaci\u00f3 de les Nacions Unides (ONU). \u00c9s un dia per reivindicar la igualtat laboral entre homes i dones.<\/span><\/h6>\n<h6><span style=\"color: #800080;\">Hem realitzat al llarg de la setmana diferents activitats amb l&#8217;objectiu de posar de manifest la posici\u00f3 de la dona en els diferents \u00e0mbits de la societat i hem vist alguns v\u00eddeos que no ens han deixat indiferents.<\/span><\/h6>\n<h6><span style=\"color: #800080;\">L&#8217;alumnat de 6\u00e8, en motiu d&#8217;aquest dia,\u00a0 tamb\u00e9 ha fet petits textos sobre <strong>algunes de les dones que m\u00e9s admire<\/strong>n. Us mostrem alguns que es poden publicar al bloc\u00a0 per ser persones famoses i p\u00fabliques. Cliqueu a les imatges.<\/span><\/h6>\n<h6><span style=\"color: #800080;\">Per\u00f2, MARES!!!! Seria interessant que us lleg\u00edssiu els textos dels vostres fills i filles. S\u00f3n molt emotius!!!!<\/span><\/h6>\n<p><a href=\"https:\/\/drive.google.com\/file\/d\/1x5d1KmhzXsDrOmlAl1BFw3BLey3WFUHX\/view?usp=sharing\"><img loading=\"lazy\" decoding=\"async\" class=\"aligncenter wp-image-7896\" src=\"https:\/\/agora.xtec.cat\/ceipabatmarcet\/wp-content\/uploads\/usu1494\/2021\/03\/Arian-Villares-La-dona-que-admiro.jpg\" alt=\"\" width=\"647\" height=\"364\" srcset=\"https:\/\/agora.xtec.cat\/ceipabatmarcet\/wp-content\/uploads\/usu1494\/2021\/03\/Arian-Villares-La-dona-que-admiro.jpg 960w, https:\/\/agora.xtec.cat\/ceipabatmarcet\/wp-content\/uploads\/usu1494\/2021\/03\/Arian-Villares-La-dona-que-admiro-300x169.jpg 300w, https:\/\/agora.xtec.cat\/ceipabatmarcet\/wp-content\/uploads\/usu1494\/2021\/03\/Arian-Villares-La-dona-que-admiro-768x432.jpg 768w\" sizes=\"auto, (max-width: 647px) 100vw, 647px\" \/><\/a><\/p>\n<p style=\"text-align: center;\">Arian<\/p>\n<p style=\"text-align: center;\"><a href=\"https:\/\/drive.google.com\/file\/d\/1Ym-Wvv4ftAkKcLtB_tktMOcaVa9u9tD8\/view?usp=sharing\"><br \/>\n<img loading=\"lazy\" decoding=\"async\" class=\"aligncenter wp-image-7897\" src=\"https:\/\/agora.xtec.cat\/ceipabatmarcet\/wp-content\/uploads\/usu1494\/2021\/03\/Sofia-Bajo-La-dona-que-admiro.jpg\" alt=\"\" width=\"643\" height=\"362\" srcset=\"https:\/\/agora.xtec.cat\/ceipabatmarcet\/wp-content\/uploads\/usu1494\/2021\/03\/Sofia-Bajo-La-dona-que-admiro.jpg 960w, https:\/\/agora.xtec.cat\/ceipabatmarcet\/wp-content\/uploads\/usu1494\/2021\/03\/Sofia-Bajo-La-dona-que-admiro-300x169.jpg 300w, https:\/\/agora.xtec.cat\/ceipabatmarcet\/wp-content\/uploads\/usu1494\/2021\/03\/Sofia-Bajo-La-dona-que-admiro-768x432.jpg 768w\" sizes=\"auto, (max-width: 643px) 100vw, 643px\" \/><\/a><\/p>\n<p style=\"text-align: center;\">Sofia<\/p>\n<p style=\"text-align: center;\"><a href=\"https:\/\/drive.google.com\/file\/d\/15jFNLU4hdhNFs5-gZqKjGzzJ9yOkzmaP\/view?usp=sharing\"><br \/>\n<img loading=\"lazy\" decoding=\"async\" class=\"aligncenter wp-image-7898\" src=\"https:\/\/agora.xtec.cat\/ceipabatmarcet\/wp-content\/uploads\/usu1494\/2021\/03\/Alex-Rodrigo-C\u00e1ceres-Rojas-La-dona-que-admiro.jpg\" alt=\"\" width=\"652\" height=\"367\" srcset=\"https:\/\/agora.xtec.cat\/ceipabatmarcet\/wp-content\/uploads\/usu1494\/2021\/03\/Alex-Rodrigo-C\u00e1ceres-Rojas-La-dona-que-admiro.jpg 960w, https:\/\/agora.xtec.cat\/ceipabatmarcet\/wp-content\/uploads\/usu1494\/2021\/03\/Alex-Rodrigo-C\u00e1ceres-Rojas-La-dona-que-admiro-300x169.jpg 300w, https:\/\/agora.xtec.cat\/ceipabatmarcet\/wp-content\/uploads\/usu1494\/2021\/03\/Alex-Rodrigo-C\u00e1ceres-Rojas-La-dona-que-admiro-768x432.jpg 768w\" sizes=\"auto, (max-width: 652px) 100vw, 652px\" \/><\/a><\/p>\n<p style=\"text-align: center;\">\u00a0\u00c0lex<\/p>\n<p style=\"text-align: center;\"><a href=\"https:\/\/drive.google.com\/file\/d\/1SH51qSM67tUEjO7bVvDHj0Kn-m142SX2\/view?usp=sharing\"><img loading=\"lazy\" decoding=\"async\" class=\"wp-image-7899 aligncenter\" src=\"https:\/\/agora.xtec.cat\/ceipabatmarcet\/wp-content\/uploads\/usu1494\/2021\/03\/C\u00f2pia-de-Asier-Moreno-La-dona-que-admiro-2.jpg\" alt=\"\" width=\"659\" height=\"371\" srcset=\"https:\/\/agora.xtec.cat\/ceipabatmarcet\/wp-content\/uploads\/usu1494\/2021\/03\/C\u00f2pia-de-Asier-Moreno-La-dona-que-admiro-2.jpg 960w, https:\/\/agora.xtec.cat\/ceipabatmarcet\/wp-content\/uploads\/usu1494\/2021\/03\/C\u00f2pia-de-Asier-Moreno-La-dona-que-admiro-2-300x169.jpg 300w, https:\/\/agora.xtec.cat\/ceipabatmarcet\/wp-content\/uploads\/usu1494\/2021\/03\/C\u00f2pia-de-Asier-Moreno-La-dona-que-admiro-2-768x432.jpg 768w\" sizes=\"auto, (max-width: 659px) 100vw, 659px\" \/><\/a><\/p>\n<p style=\"text-align: center;\">Asier<\/p>\n","protected":false},"excerpt":{"rendered":"<p>El 8 de mar\u00e7 \u00e9s el Dia Internacional de les Dones, reconegut oficialment per l&#8217;Organitzaci\u00f3 de les Nacions Unides (ONU). \u00c9s un dia per reivindicar la igualtat laboral entre homes i dones. Hem realitzat al llarg de la setmana diferents activitats amb l&#8217;objectiu de posar de manifest la posici\u00f3 de la dona en els diferents [&hellip;]<\/p>\n","protected":false},"author":1,"featured_media":0,"comment_status":"open","ping_status":"closed","sticky":false,"template":"","format":"standard","meta":{"_bbp_topic_count":0,"_bbp_reply_count":0,"_bbp_total_topic_count":0,"_bbp_total_reply_count":0,"_bbp_voice_count":0,"_bbp_anonymous_reply_count":0,"_bbp_topic_count_hidden":0,"_bbp_reply_count_hidden":0,"_bbp_forum_subforum_count":0,"site-sidebar-layout":"default","site-content-layout":"","ast-site-content-layout":"","site-content-style":"default","site-sidebar-style":"default","ast-global-header-display":"","ast-banner-title-visibility":"","ast-main-header-display":"","ast-hfb-above-header-display":"","ast-hfb-below-header-display":"","ast-hfb-mobile-header-display":"","site-post-title":"","ast-breadcrumbs-content":"","ast-featured-img":"","footer-sml-layout":"","theme-transparent-header-meta":"","adv-header-id-meta":"","stick-header-meta":"","header-above-stick-meta":"","header-main-stick-meta":"","header-below-stick-meta":"","astra-migrate-meta-layouts":"default","ast-page-background-enabled":"default","ast-page-background-meta":{"desktop":{"background-color":"var(--ast-global-color-4)","background-image":"","background-repeat":"repeat","background-position":"center center","background-size":"auto","background-attachment":"scroll","background-type":"","background-media":"","overlay-type":"","overlay-color":"","overlay-opacity":"","overlay-gradient":""},"tablet":{"background-color":"","background-image":"","background-repeat":"repeat","background-position":"center center","background-size":"auto","background-attachment":"scroll","background-type":"","background-media":"","overlay-type":"","overlay-color":"","overlay-opacity":"","overlay-gradient":""},"mobile":{"background-color":"","background-image":"","background-repeat":"repeat","background-position":"center center","background-size":"auto","background-attachment":"scroll","background-type":"","background-media":"","overlay-type":"","overlay-color":"","overlay-opacity":"","overlay-gradient":""}},"ast-content-background-meta":{"desktop":{"background-color":"var(--ast-global-color-5)","background-image":"","background-repeat":"repeat","background-position":"center center","background-size":"auto","background-attachment":"scroll","background-type":"","background-media":"","overlay-type":"","overlay-color":"","overlay-opacity":"","overlay-gradient":""},"tablet":{"background-color":"var(--ast-global-color-5)","background-image":"","background-repeat":"repeat","background-position":"center center","background-size":"auto","background-attachment":"scroll","background-type":"","background-media":"","overlay-type":"","overlay-color":"","overlay-opacity":"","overlay-gradient":""},"mobile":{"background-color":"var(--ast-global-color-5)","background-image":"","background-repeat":"repeat","background-position":"center center","background-size":"auto","background-attachment":"scroll","background-type":"","background-media":"","overlay-type":"","overlay-color":"","overlay-opacity":"","overlay-gradient":""}},"footnotes":""},"categories":[15],"tags":[],"class_list":["post-7895","post","type-post","status-publish","format-standard","hentry","category-6e"],"post_mailing_queue_ids":[],"_links":{"self":[{"href":"https:\/\/agora.xtec.cat\/ceipabatmarcet\/wp-json\/wp\/v2\/posts\/7895","targetHints":{"allow":["GET"]}}],"collection":[{"href":"https:\/\/agora.xtec.cat\/ceipabatmarcet\/wp-json\/wp\/v2\/posts"}],"about":[{"href":"https:\/\/agora.xtec.cat\/ceipabatmarcet\/wp-json\/wp\/v2\/types\/post"}],"author":[{"embeddable":true,"href":"https:\/\/agora.xtec.cat\/ceipabatmarcet\/wp-json\/wp\/v2\/users\/1"}],"replies":[{"embeddable":true,"href":"https:\/\/agora.xtec.cat\/ceipabatmarcet\/wp-json\/wp\/v2\/comments?post=7895"}],"version-history":[{"count":3,"href":"https:\/\/agora.xtec.cat\/ceipabatmarcet\/wp-json\/wp\/v2\/posts\/7895\/revisions"}],"predecessor-version":[{"id":7913,"href":"https:\/\/agora.xtec.cat\/ceipabatmarcet\/wp-json\/wp\/v2\/posts\/7895\/revisions\/7913"}],"wp:attachment":[{"href":"https:\/\/agora.xtec.cat\/ceipabatmarcet\/wp-json\/wp\/v2\/media?parent=7895"}],"wp:term":[{"taxonomy":"category","embeddable":true,"href":"https:\/\/agora.xtec.cat\/ceipabatmarcet\/wp-json\/wp\/v2\/categories?post=7895"},{"taxonomy":"post_tag","embeddable":true,"href":"https:\/\/agora.xtec.cat\/ceipabatmarcet\/wp-json\/wp\/v2\/tags?post=7895"}],"curies":[{"name":"wp","href":"https:\/\/api.w.org\/{rel}","templated":true}]}}