{"id":7775,"date":"2021-02-17T15:29:38","date_gmt":"2021-02-17T14:29:38","guid":{"rendered":"http:\/\/agora.xtec.cat\/ceipabatmarcet\/?p=7775"},"modified":"2021-02-18T09:32:19","modified_gmt":"2021-02-18T08:32:19","slug":"pla-escoles-lliures-de-violencies","status":"publish","type":"post","link":"https:\/\/agora.xtec.cat\/ceipabatmarcet\/coeducat\/pla-escoles-lliures-de-violencies\/","title":{"rendered":"Pla escoles lliures de viol\u00e8ncies"},"content":{"rendered":"<p><span style=\"color: #000000;\">Aquest any hem comen\u00e7at una formaci\u00f3 per la comunitat educativa ( docents, fam\u00edlies i alumnat de 4t i 6\u00e8) \u00a0el Programa de Formacions en Viol\u00e8ncies sexuals a Infants i Adolescents perqu\u00e8 hem \u00a0estat seleccionats com a centre educatiu per a dur-ho a terme. El present programa forma part de les primeres accions pilots dins del <strong>Pla les escoles lliures de viol\u00e8ncies.<\/strong><\/span><\/p>\n<p>La formaci\u00f3 ser\u00e0 impartida per l\u2019entitat especialitzada <a href=\"https:\/\/www.fbernadet.org\/es\/\">Fundaci\u00f3 Vicky Bernadet<\/a> \u00a0i ser\u00e0 la mateixa entitat l\u2019encarregada de la planificaci\u00f3 dels dies i hores de cada una de les accions formatives.<\/p>\n<p><a href=\"https:\/\/www.fbernadet.org\/es\/\"><img loading=\"lazy\" decoding=\"async\" class=\"aligncenter wp-image-7780 size-full\" src=\"https:\/\/agora.xtec.cat\/ceipabatmarcet\/wp-content\/uploads\/usu1494\/2021\/02\/Fundaci\u00f3-Vicki-Bernadet.jpg\" alt=\"\" width=\"372\" height=\"190\" srcset=\"https:\/\/agora.xtec.cat\/ceipabatmarcet\/wp-content\/uploads\/usu1494\/2021\/02\/Fundaci\u00f3-Vicki-Bernadet.jpg 372w, https:\/\/agora.xtec.cat\/ceipabatmarcet\/wp-content\/uploads\/usu1494\/2021\/02\/Fundaci\u00f3-Vicki-Bernadet-300x153.jpg 300w\" sizes=\"auto, (max-width: 372px) 100vw, 372px\" \/><\/a><\/p>\n<p><a href=\"https:\/\/www.parlament.cat\/ext\/f?p=700:15:0:::15:P15_ID_VIDEO,P15_ID_AGRUPACIO:12842713,17503\">Intergrup de Drets Sexuals i Reproductius &#8211; Sessi\u00f3 ordin\u00e0ria &#8211; Videoconfer\u00e8ncia 27\/11\/20<\/a><\/p>\n<p><a href=\"https:\/\/drive.google.com\/file\/d\/1z4KGO54olNm6PJupPxG654UfNWlyFOe9\/view?usp=drive_web\">Catalunya R\u00e0dio minut 16 \u00a012\/9\/2019<\/a><\/p>\n<p><a href=\"https:\/\/drive.google.com\/file\/d\/173u2w7mmoNgOrHU9NXlDqInBkRcB8pDE\/view?usp=drive_web\">Catalunya R\u00e0dio minut 22 \u00a0 13\/9\/2019<\/a><\/p>\n","protected":false},"excerpt":{"rendered":"<p>Aquest any hem comen\u00e7at una formaci\u00f3 per la comunitat educativa ( docents, fam\u00edlies i alumnat de 4t i 6\u00e8) \u00a0el Programa de Formacions en Viol\u00e8ncies sexuals a Infants i Adolescents perqu\u00e8 hem \u00a0estat seleccionats com a centre educatiu per a dur-ho a terme. El present programa forma part de les primeres accions pilots dins del [&hellip;]<\/p>\n","protected":false},"author":1,"featured_media":0,"comment_status":"open","ping_status":"closed","sticky":false,"template":"","format":"standard","meta":{"_bbp_topic_count":0,"_bbp_reply_count":0,"_bbp_total_topic_count":0,"_bbp_total_reply_count":0,"_bbp_voice_count":0,"_bbp_anonymous_reply_count":0,"_bbp_topic_count_hidden":0,"_bbp_reply_count_hidden":0,"_bbp_forum_subforum_count":0,"site-sidebar-layout":"default","site-content-layout":"","ast-site-content-layout":"","site-content-style":"default","site-sidebar-style":"default","ast-global-header-display":"","ast-banner-title-visibility":"","ast-main-header-display":"","ast-hfb-above-header-display":"","ast-hfb-below-header-display":"","ast-hfb-mobile-header-display":"","site-post-title":"","ast-breadcrumbs-content":"","ast-featured-img":"","footer-sml-layout":"","theme-transparent-header-meta":"","adv-header-id-meta":"","stick-header-meta":"","header-above-stick-meta":"","header-main-stick-meta":"","header-below-stick-meta":"","astra-migrate-meta-layouts":"default","ast-page-background-enabled":"default","ast-page-background-meta":{"desktop":{"background-color":"var(--ast-global-color-4)","background-image":"","background-repeat":"repeat","background-position":"center center","background-size":"auto","background-attachment":"scroll","background-type":"","background-media":"","overlay-type":"","overlay-color":"","overlay-opacity":"","overlay-gradient":""},"tablet":{"background-color":"","background-image":"","background-repeat":"repeat","background-position":"center center","background-size":"auto","background-attachment":"scroll","background-type":"","background-media":"","overlay-type":"","overlay-color":"","overlay-opacity":"","overlay-gradient":""},"mobile":{"background-color":"","background-image":"","background-repeat":"repeat","background-position":"center center","background-size":"auto","background-attachment":"scroll","background-type":"","background-media":"","overlay-type":"","overlay-color":"","overlay-opacity":"","overlay-gradient":""}},"ast-content-background-meta":{"desktop":{"background-color":"var(--ast-global-color-5)","background-image":"","background-repeat":"repeat","background-position":"center center","background-size":"auto","background-attachment":"scroll","background-type":"","background-media":"","overlay-type":"","overlay-color":"","overlay-opacity":"","overlay-gradient":""},"tablet":{"background-color":"var(--ast-global-color-5)","background-image":"","background-repeat":"repeat","background-position":"center center","background-size":"auto","background-attachment":"scroll","background-type":"","background-media":"","overlay-type":"","overlay-color":"","overlay-opacity":"","overlay-gradient":""},"mobile":{"background-color":"var(--ast-global-color-5)","background-image":"","background-repeat":"repeat","background-position":"center center","background-size":"auto","background-attachment":"scroll","background-type":"","background-media":"","overlay-type":"","overlay-color":"","overlay-opacity":"","overlay-gradient":""}},"footnotes":""},"categories":[156],"tags":[],"class_list":["post-7775","post","type-post","status-publish","format-standard","hentry","category-coeducat"],"post_mailing_queue_ids":[],"_links":{"self":[{"href":"https:\/\/agora.xtec.cat\/ceipabatmarcet\/wp-json\/wp\/v2\/posts\/7775","targetHints":{"allow":["GET"]}}],"collection":[{"href":"https:\/\/agora.xtec.cat\/ceipabatmarcet\/wp-json\/wp\/v2\/posts"}],"about":[{"href":"https:\/\/agora.xtec.cat\/ceipabatmarcet\/wp-json\/wp\/v2\/types\/post"}],"author":[{"embeddable":true,"href":"https:\/\/agora.xtec.cat\/ceipabatmarcet\/wp-json\/wp\/v2\/users\/1"}],"replies":[{"embeddable":true,"href":"https:\/\/agora.xtec.cat\/ceipabatmarcet\/wp-json\/wp\/v2\/comments?post=7775"}],"version-history":[{"count":3,"href":"https:\/\/agora.xtec.cat\/ceipabatmarcet\/wp-json\/wp\/v2\/posts\/7775\/revisions"}],"predecessor-version":[{"id":7779,"href":"https:\/\/agora.xtec.cat\/ceipabatmarcet\/wp-json\/wp\/v2\/posts\/7775\/revisions\/7779"}],"wp:attachment":[{"href":"https:\/\/agora.xtec.cat\/ceipabatmarcet\/wp-json\/wp\/v2\/media?parent=7775"}],"wp:term":[{"taxonomy":"category","embeddable":true,"href":"https:\/\/agora.xtec.cat\/ceipabatmarcet\/wp-json\/wp\/v2\/categories?post=7775"},{"taxonomy":"post_tag","embeddable":true,"href":"https:\/\/agora.xtec.cat\/ceipabatmarcet\/wp-json\/wp\/v2\/tags?post=7775"}],"curies":[{"name":"wp","href":"https:\/\/api.w.org\/{rel}","templated":true}]}}