{"id":7572,"date":"2020-12-21T11:49:37","date_gmt":"2020-12-21T10:49:37","guid":{"rendered":"http:\/\/agora.xtec.cat\/ceipabatmarcet\/?p=7572"},"modified":"2020-12-21T11:52:43","modified_gmt":"2020-12-21T10:52:43","slug":"campanya-de-recollida-daliments","status":"publish","type":"post","link":"https:\/\/agora.xtec.cat\/ceipabatmarcet\/portada\/campanya-de-recollida-daliments\/","title":{"rendered":"Campanya de recollida d&#8217;aliments"},"content":{"rendered":"<p><span style=\"color: #000080;\">Gr\u00e0cies a la col.laboraci\u00f3 de les fam\u00edlies, el professorat, l\u2019AMPA @ampaabatmarcet i dos comer\u00e7os de la zona <em>perruqueria i est\u00e8tica Mincy\u2019\u2019s<\/em> i <em>perruqueria Mira que pelu!!<\/em><\/span><\/p>\n<h3><a href=\"https:\/\/agora.xtec.cat\/ceipabatmarcet\/wp-content\/uploads\/usu1494\/2020\/12\/COLLAGE-recollida-aliments.jpg\"><img loading=\"lazy\" decoding=\"async\" class=\"alignnone size-full wp-image-7573\" src=\"https:\/\/agora.xtec.cat\/ceipabatmarcet\/wp-content\/uploads\/usu1494\/2020\/12\/COLLAGE-recollida-aliments.jpg\" alt=\"\" width=\"881\" height=\"881\" srcset=\"https:\/\/agora.xtec.cat\/ceipabatmarcet\/wp-content\/uploads\/usu1494\/2020\/12\/COLLAGE-recollida-aliments.jpg 881w, https:\/\/agora.xtec.cat\/ceipabatmarcet\/wp-content\/uploads\/usu1494\/2020\/12\/COLLAGE-recollida-aliments-150x150.jpg 150w, https:\/\/agora.xtec.cat\/ceipabatmarcet\/wp-content\/uploads\/usu1494\/2020\/12\/COLLAGE-recollida-aliments-300x300.jpg 300w, https:\/\/agora.xtec.cat\/ceipabatmarcet\/wp-content\/uploads\/usu1494\/2020\/12\/COLLAGE-recollida-aliments-768x768.jpg 768w\" sizes=\"auto, (max-width: 881px) 100vw, 881px\" \/><\/a><\/h3>\n<p style=\"text-align: center;\"><span style=\"color: #000080;\">Campanya de recollida d\u2019aliments b\u00e0sics per aconseguir que les persones m\u00e9s necessitades del nostre entorn rebin ajuda aliment\u00e0ria. <\/span><\/p>\n<h3 style=\"text-align: center;\"><span style=\"color: #000080;\">MOLTES GR\u00c0CIES!!!<\/span><\/h3>\n<h3 style=\"text-align: center;\"><\/h3>\n<p style=\"text-align: center;\"><span style=\"color: #993300;\"><em>#solidaritat #rebostterrassa #alimentsb\u00e0sics #campanyarecollidaaliments #recaptealiments #escoladeterrassa #escolaabatmarcet<\/em><\/span><\/p>\n<div class=\"yj6qo\"><\/div>\n","protected":false},"excerpt":{"rendered":"<p>Gr\u00e0cies a la col.laboraci\u00f3 de les fam\u00edlies, el professorat, l\u2019AMPA @ampaabatmarcet i dos comer\u00e7os de la zona perruqueria i est\u00e8tica Mincy\u2019\u2019s i perruqueria Mira que pelu!! Campanya de recollida d\u2019aliments b\u00e0sics per aconseguir que les persones m\u00e9s necessitades del nostre entorn rebin ajuda aliment\u00e0ria. MOLTES GR\u00c0CIES!!! #solidaritat #rebostterrassa #alimentsb\u00e0sics #campanyarecollidaaliments #recaptealiments #escoladeterrassa #escolaabatmarcet<\/p>\n","protected":false},"author":1,"featured_media":0,"comment_status":"open","ping_status":"closed","sticky":false,"template":"","format":"standard","meta":{"_bbp_topic_count":0,"_bbp_reply_count":0,"_bbp_total_topic_count":0,"_bbp_total_reply_count":0,"_bbp_voice_count":0,"_bbp_anonymous_reply_count":0,"_bbp_topic_count_hidden":0,"_bbp_reply_count_hidden":0,"_bbp_forum_subforum_count":0,"site-sidebar-layout":"default","site-content-layout":"","ast-site-content-layout":"","site-content-style":"default","site-sidebar-style":"default","ast-global-header-display":"","ast-banner-title-visibility":"","ast-main-header-display":"","ast-hfb-above-header-display":"","ast-hfb-below-header-display":"","ast-hfb-mobile-header-display":"","site-post-title":"","ast-breadcrumbs-content":"","ast-featured-img":"","footer-sml-layout":"","theme-transparent-header-meta":"","adv-header-id-meta":"","stick-header-meta":"","header-above-stick-meta":"","header-main-stick-meta":"","header-below-stick-meta":"","astra-migrate-meta-layouts":"default","ast-page-background-enabled":"default","ast-page-background-meta":{"desktop":{"background-color":"var(--ast-global-color-4)","background-image":"","background-repeat":"repeat","background-position":"center center","background-size":"auto","background-attachment":"scroll","background-type":"","background-media":"","overlay-type":"","overlay-color":"","overlay-opacity":"","overlay-gradient":""},"tablet":{"background-color":"","background-image":"","background-repeat":"repeat","background-position":"center center","background-size":"auto","background-attachment":"scroll","background-type":"","background-media":"","overlay-type":"","overlay-color":"","overlay-opacity":"","overlay-gradient":""},"mobile":{"background-color":"","background-image":"","background-repeat":"repeat","background-position":"center center","background-size":"auto","background-attachment":"scroll","background-type":"","background-media":"","overlay-type":"","overlay-color":"","overlay-opacity":"","overlay-gradient":""}},"ast-content-background-meta":{"desktop":{"background-color":"var(--ast-global-color-5)","background-image":"","background-repeat":"repeat","background-position":"center center","background-size":"auto","background-attachment":"scroll","background-type":"","background-media":"","overlay-type":"","overlay-color":"","overlay-opacity":"","overlay-gradient":""},"tablet":{"background-color":"var(--ast-global-color-5)","background-image":"","background-repeat":"repeat","background-position":"center center","background-size":"auto","background-attachment":"scroll","background-type":"","background-media":"","overlay-type":"","overlay-color":"","overlay-opacity":"","overlay-gradient":""},"mobile":{"background-color":"var(--ast-global-color-5)","background-image":"","background-repeat":"repeat","background-position":"center center","background-size":"auto","background-attachment":"scroll","background-type":"","background-media":"","overlay-type":"","overlay-color":"","overlay-opacity":"","overlay-gradient":""}},"footnotes":""},"categories":[4],"tags":[],"class_list":["post-7572","post","type-post","status-publish","format-standard","hentry","category-portada"],"post_mailing_queue_ids":[],"_links":{"self":[{"href":"https:\/\/agora.xtec.cat\/ceipabatmarcet\/wp-json\/wp\/v2\/posts\/7572","targetHints":{"allow":["GET"]}}],"collection":[{"href":"https:\/\/agora.xtec.cat\/ceipabatmarcet\/wp-json\/wp\/v2\/posts"}],"about":[{"href":"https:\/\/agora.xtec.cat\/ceipabatmarcet\/wp-json\/wp\/v2\/types\/post"}],"author":[{"embeddable":true,"href":"https:\/\/agora.xtec.cat\/ceipabatmarcet\/wp-json\/wp\/v2\/users\/1"}],"replies":[{"embeddable":true,"href":"https:\/\/agora.xtec.cat\/ceipabatmarcet\/wp-json\/wp\/v2\/comments?post=7572"}],"version-history":[{"count":3,"href":"https:\/\/agora.xtec.cat\/ceipabatmarcet\/wp-json\/wp\/v2\/posts\/7572\/revisions"}],"predecessor-version":[{"id":7576,"href":"https:\/\/agora.xtec.cat\/ceipabatmarcet\/wp-json\/wp\/v2\/posts\/7572\/revisions\/7576"}],"wp:attachment":[{"href":"https:\/\/agora.xtec.cat\/ceipabatmarcet\/wp-json\/wp\/v2\/media?parent=7572"}],"wp:term":[{"taxonomy":"category","embeddable":true,"href":"https:\/\/agora.xtec.cat\/ceipabatmarcet\/wp-json\/wp\/v2\/categories?post=7572"},{"taxonomy":"post_tag","embeddable":true,"href":"https:\/\/agora.xtec.cat\/ceipabatmarcet\/wp-json\/wp\/v2\/tags?post=7572"}],"curies":[{"name":"wp","href":"https:\/\/api.w.org\/{rel}","templated":true}]}}