{"id":7345,"date":"2020-11-07T17:04:25","date_gmt":"2020-11-07T16:04:25","guid":{"rendered":"http:\/\/agora.xtec.cat\/ceipabatmarcet\/?p=7345"},"modified":"2020-11-07T17:06:57","modified_gmt":"2020-11-07T16:06:57","slug":"sortida-de-tardor","status":"publish","type":"post","link":"https:\/\/agora.xtec.cat\/ceipabatmarcet\/primaria\/6e\/sortida-de-tardor\/","title":{"rendered":"Sortida de tardor"},"content":{"rendered":"<p><a href=\"https:\/\/agora.xtec.cat\/ceipabatmarcet\/wp-content\/uploads\/usu1494\/2020\/11\/sortida-tardor-6\u00e8.jpg\"><img loading=\"lazy\" decoding=\"async\" class=\"alignnone size-full wp-image-7346\" src=\"https:\/\/agora.xtec.cat\/ceipabatmarcet\/wp-content\/uploads\/usu1494\/2020\/11\/sortida-tardor-6\u00e8.jpg\" alt=\"\" width=\"832\" height=\"832\" srcset=\"https:\/\/agora.xtec.cat\/ceipabatmarcet\/wp-content\/uploads\/usu1494\/2020\/11\/sortida-tardor-6\u00e8.jpg 832w, https:\/\/agora.xtec.cat\/ceipabatmarcet\/wp-content\/uploads\/usu1494\/2020\/11\/sortida-tardor-6\u00e8-150x150.jpg 150w, https:\/\/agora.xtec.cat\/ceipabatmarcet\/wp-content\/uploads\/usu1494\/2020\/11\/sortida-tardor-6\u00e8-300x300.jpg 300w, https:\/\/agora.xtec.cat\/ceipabatmarcet\/wp-content\/uploads\/usu1494\/2020\/11\/sortida-tardor-6\u00e8-768x768.jpg 768w\" sizes=\"auto, (max-width: 832px) 100vw, 832px\" \/><\/a><\/p>\n<p>Amb moltes ganes i il\u00b7lusi\u00f3, el passat dijous 29 d&#8217;octubre,\u00a0 vam fer la nostra primera excursi\u00f3. Va ser una sortida molt esperada i agradable, aquesta sortida de tardor. Els i les alumnes de 6\u00e8 vam fer un interessant itinerari de senderisme gr\u00e0cies al qual ens acostarem al Llac Petit, un min\u00fascul i enigm\u00e0tic pant\u00e0, i l&#8217;Hospital del T\u00f2rax, un hospital inicialment especialitzat en el tractament de la tuberculosi i malalties respirat\u00f2ries per\u00f2 que amb el pas del temps es va convertir en un centre habilitat per a malalts mentals. Actualment en aquestes instal\u00b7lacions es troba el Parc Audiovisual de Catalunya. Dos indrets, relativament apartats de Terrassa, que al llarg de la seva hist\u00f2ria han estat associats a fets llegendaris,\u00a0 successos misteriosos o, si m\u00e9s no, fins ara inexplicables, i que en l&#8217;actualitat s&#8217;utilitzen en el rodatge de programes i s\u00e8ries de TV&#8230; i tamb\u00e9 pel\u00b7l\u00edcules de terror!!!<\/p>\n","protected":false},"excerpt":{"rendered":"<p>Amb moltes ganes i il\u00b7lusi\u00f3, el passat dijous 29 d&#8217;octubre,\u00a0 vam fer la nostra primera excursi\u00f3. Va ser una sortida molt esperada i agradable, aquesta sortida de tardor. Els i les alumnes de 6\u00e8 vam fer un interessant itinerari de senderisme gr\u00e0cies al qual ens acostarem al Llac Petit, un min\u00fascul i enigm\u00e0tic pant\u00e0, i [&hellip;]<\/p>\n","protected":false},"author":1,"featured_media":0,"comment_status":"open","ping_status":"closed","sticky":false,"template":"","format":"standard","meta":{"_bbp_topic_count":0,"_bbp_reply_count":0,"_bbp_total_topic_count":0,"_bbp_total_reply_count":0,"_bbp_voice_count":0,"_bbp_anonymous_reply_count":0,"_bbp_topic_count_hidden":0,"_bbp_reply_count_hidden":0,"_bbp_forum_subforum_count":0,"site-sidebar-layout":"default","site-content-layout":"","ast-site-content-layout":"","site-content-style":"default","site-sidebar-style":"default","ast-global-header-display":"","ast-banner-title-visibility":"","ast-main-header-display":"","ast-hfb-above-header-display":"","ast-hfb-below-header-display":"","ast-hfb-mobile-header-display":"","site-post-title":"","ast-breadcrumbs-content":"","ast-featured-img":"","footer-sml-layout":"","theme-transparent-header-meta":"","adv-header-id-meta":"","stick-header-meta":"","header-above-stick-meta":"","header-main-stick-meta":"","header-below-stick-meta":"","astra-migrate-meta-layouts":"default","ast-page-background-enabled":"default","ast-page-background-meta":{"desktop":{"background-color":"var(--ast-global-color-4)","background-image":"","background-repeat":"repeat","background-position":"center center","background-size":"auto","background-attachment":"scroll","background-type":"","background-media":"","overlay-type":"","overlay-color":"","overlay-opacity":"","overlay-gradient":""},"tablet":{"background-color":"","background-image":"","background-repeat":"repeat","background-position":"center center","background-size":"auto","background-attachment":"scroll","background-type":"","background-media":"","overlay-type":"","overlay-color":"","overlay-opacity":"","overlay-gradient":""},"mobile":{"background-color":"","background-image":"","background-repeat":"repeat","background-position":"center center","background-size":"auto","background-attachment":"scroll","background-type":"","background-media":"","overlay-type":"","overlay-color":"","overlay-opacity":"","overlay-gradient":""}},"ast-content-background-meta":{"desktop":{"background-color":"var(--ast-global-color-5)","background-image":"","background-repeat":"repeat","background-position":"center center","background-size":"auto","background-attachment":"scroll","background-type":"","background-media":"","overlay-type":"","overlay-color":"","overlay-opacity":"","overlay-gradient":""},"tablet":{"background-color":"var(--ast-global-color-5)","background-image":"","background-repeat":"repeat","background-position":"center center","background-size":"auto","background-attachment":"scroll","background-type":"","background-media":"","overlay-type":"","overlay-color":"","overlay-opacity":"","overlay-gradient":""},"mobile":{"background-color":"var(--ast-global-color-5)","background-image":"","background-repeat":"repeat","background-position":"center center","background-size":"auto","background-attachment":"scroll","background-type":"","background-media":"","overlay-type":"","overlay-color":"","overlay-opacity":"","overlay-gradient":""}},"footnotes":""},"categories":[15],"tags":[16],"class_list":["post-7345","post","type-post","status-publish","format-standard","hentry","category-6e","tag-sortides"],"post_mailing_queue_ids":[],"_links":{"self":[{"href":"https:\/\/agora.xtec.cat\/ceipabatmarcet\/wp-json\/wp\/v2\/posts\/7345","targetHints":{"allow":["GET"]}}],"collection":[{"href":"https:\/\/agora.xtec.cat\/ceipabatmarcet\/wp-json\/wp\/v2\/posts"}],"about":[{"href":"https:\/\/agora.xtec.cat\/ceipabatmarcet\/wp-json\/wp\/v2\/types\/post"}],"author":[{"embeddable":true,"href":"https:\/\/agora.xtec.cat\/ceipabatmarcet\/wp-json\/wp\/v2\/users\/1"}],"replies":[{"embeddable":true,"href":"https:\/\/agora.xtec.cat\/ceipabatmarcet\/wp-json\/wp\/v2\/comments?post=7345"}],"version-history":[{"count":1,"href":"https:\/\/agora.xtec.cat\/ceipabatmarcet\/wp-json\/wp\/v2\/posts\/7345\/revisions"}],"predecessor-version":[{"id":7347,"href":"https:\/\/agora.xtec.cat\/ceipabatmarcet\/wp-json\/wp\/v2\/posts\/7345\/revisions\/7347"}],"wp:attachment":[{"href":"https:\/\/agora.xtec.cat\/ceipabatmarcet\/wp-json\/wp\/v2\/media?parent=7345"}],"wp:term":[{"taxonomy":"category","embeddable":true,"href":"https:\/\/agora.xtec.cat\/ceipabatmarcet\/wp-json\/wp\/v2\/categories?post=7345"},{"taxonomy":"post_tag","embeddable":true,"href":"https:\/\/agora.xtec.cat\/ceipabatmarcet\/wp-json\/wp\/v2\/tags?post=7345"}],"curies":[{"name":"wp","href":"https:\/\/api.w.org\/{rel}","templated":true}]}}