{"id":5999,"date":"2019-11-21T17:14:39","date_gmt":"2019-11-21T16:14:39","guid":{"rendered":"http:\/\/agora.xtec.cat\/ceipabatmarcet\/?p=5999"},"modified":"2019-11-21T17:14:39","modified_gmt":"2019-11-21T16:14:39","slug":"expressions-carmen-valverde","status":"publish","type":"post","link":"https:\/\/agora.xtec.cat\/ceipabatmarcet\/primaria\/3r\/expressions-carmen-valverde\/","title":{"rendered":"&#8220;Expressions&#8221; Carmen Valverde"},"content":{"rendered":"<p>Aquest mes de novembre, els alumnes de quart de prim\u00e0ria, vem realitzar una sortida matinal per veure l&#8217; exposici\u00f3 d&#8217; &#8220;Expressions&#8221; de l&#8217;artista terrassenca Carmen Valverde.<\/p>\n<p>Primer de tot, ens van ensenyar els quadres que havia realitzat l&#8217;artista, explicant-nos quin significat tenien els colors segons les emocions que volia transmetre.<\/p>\n<p>Despr\u00e9s a la sala de tallers, vem aplicar tot el qu\u00e8 hav\u00edem apr\u00e9s per fer la nostra pr\u00f2pia obra d&#8217;art. Vem ser tots uns artistes!!!<\/p>\n<figure id=\"attachment_6000\" aria-describedby=\"caption-attachment-6000\" style=\"width: 300px\" class=\"wp-caption aligncenter\"><a href=\"https:\/\/agora.xtec.cat\/ceipabatmarcet\/wp-content\/uploads\/usu1494\/2019\/11\/IMG_20191106_104020-copia.jpg\"><img loading=\"lazy\" decoding=\"async\" class=\"size-medium wp-image-6000\" src=\"https:\/\/agora.xtec.cat\/ceipabatmarcet\/wp-content\/uploads\/usu1494\/2019\/11\/IMG_20191106_104020-copia-300x225.jpg\" alt=\"\" width=\"300\" height=\"225\" srcset=\"https:\/\/agora.xtec.cat\/ceipabatmarcet\/wp-content\/uploads\/usu1494\/2019\/11\/IMG_20191106_104020-copia-300x225.jpg 300w, https:\/\/agora.xtec.cat\/ceipabatmarcet\/wp-content\/uploads\/usu1494\/2019\/11\/IMG_20191106_104020-copia-768x576.jpg 768w, https:\/\/agora.xtec.cat\/ceipabatmarcet\/wp-content\/uploads\/usu1494\/2019\/11\/IMG_20191106_104020-copia-1024x768.jpg 1024w, https:\/\/agora.xtec.cat\/ceipabatmarcet\/wp-content\/uploads\/usu1494\/2019\/11\/IMG_20191106_104020-copia-200x150.jpg 200w\" sizes=\"auto, (max-width: 300px) 100vw, 300px\" \/><\/a><figcaption id=\"caption-attachment-6000\" class=\"wp-caption-text\"><a href=\"https:\/\/photos.app.goo.gl\/VNrt8pdNpy8Y1SjK7\">https:\/\/photos.app.goo.gl\/VNrt8pdNpy8Y1SjK7<\/a><\/figcaption><\/figure>\n","protected":false},"excerpt":{"rendered":"<p>Aquest mes de novembre, els alumnes de quart de prim\u00e0ria, vem realitzar una sortida matinal per veure l&#8217; exposici\u00f3 d&#8217; &#8220;Expressions&#8221; de l&#8217;artista terrassenca Carmen Valverde. Primer de tot, ens van ensenyar els quadres que havia realitzat l&#8217;artista, explicant-nos quin significat tenien els colors segons les emocions que volia transmetre. Despr\u00e9s a la sala de [&hellip;]<\/p>\n","protected":false},"author":53,"featured_media":0,"comment_status":"open","ping_status":"closed","sticky":false,"template":"","format":"standard","meta":{"_bbp_topic_count":0,"_bbp_reply_count":0,"_bbp_total_topic_count":0,"_bbp_total_reply_count":0,"_bbp_voice_count":0,"_bbp_anonymous_reply_count":0,"_bbp_topic_count_hidden":0,"_bbp_reply_count_hidden":0,"_bbp_forum_subforum_count":0,"site-sidebar-layout":"default","site-content-layout":"","ast-site-content-layout":"","site-content-style":"default","site-sidebar-style":"default","ast-global-header-display":"","ast-banner-title-visibility":"","ast-main-header-display":"","ast-hfb-above-header-display":"","ast-hfb-below-header-display":"","ast-hfb-mobile-header-display":"","site-post-title":"","ast-breadcrumbs-content":"","ast-featured-img":"","footer-sml-layout":"","theme-transparent-header-meta":"","adv-header-id-meta":"","stick-header-meta":"","header-above-stick-meta":"","header-main-stick-meta":"","header-below-stick-meta":"","astra-migrate-meta-layouts":"default","ast-page-background-enabled":"default","ast-page-background-meta":{"desktop":{"background-color":"var(--ast-global-color-4)","background-image":"","background-repeat":"repeat","background-position":"center center","background-size":"auto","background-attachment":"scroll","background-type":"","background-media":"","overlay-type":"","overlay-color":"","overlay-opacity":"","overlay-gradient":""},"tablet":{"background-color":"","background-image":"","background-repeat":"repeat","background-position":"center center","background-size":"auto","background-attachment":"scroll","background-type":"","background-media":"","overlay-type":"","overlay-color":"","overlay-opacity":"","overlay-gradient":""},"mobile":{"background-color":"","background-image":"","background-repeat":"repeat","background-position":"center center","background-size":"auto","background-attachment":"scroll","background-type":"","background-media":"","overlay-type":"","overlay-color":"","overlay-opacity":"","overlay-gradient":""}},"ast-content-background-meta":{"desktop":{"background-color":"var(--ast-global-color-5)","background-image":"","background-repeat":"repeat","background-position":"center center","background-size":"auto","background-attachment":"scroll","background-type":"","background-media":"","overlay-type":"","overlay-color":"","overlay-opacity":"","overlay-gradient":""},"tablet":{"background-color":"var(--ast-global-color-5)","background-image":"","background-repeat":"repeat","background-position":"center center","background-size":"auto","background-attachment":"scroll","background-type":"","background-media":"","overlay-type":"","overlay-color":"","overlay-opacity":"","overlay-gradient":""},"mobile":{"background-color":"var(--ast-global-color-5)","background-image":"","background-repeat":"repeat","background-position":"center center","background-size":"auto","background-attachment":"scroll","background-type":"","background-media":"","overlay-type":"","overlay-color":"","overlay-opacity":"","overlay-gradient":""}},"footnotes":""},"categories":[12,13],"tags":[],"class_list":["post-5999","post","type-post","status-publish","format-standard","hentry","category-3r","category-4t"],"post_mailing_queue_ids":[],"_links":{"self":[{"href":"https:\/\/agora.xtec.cat\/ceipabatmarcet\/wp-json\/wp\/v2\/posts\/5999","targetHints":{"allow":["GET"]}}],"collection":[{"href":"https:\/\/agora.xtec.cat\/ceipabatmarcet\/wp-json\/wp\/v2\/posts"}],"about":[{"href":"https:\/\/agora.xtec.cat\/ceipabatmarcet\/wp-json\/wp\/v2\/types\/post"}],"author":[{"embeddable":true,"href":"https:\/\/agora.xtec.cat\/ceipabatmarcet\/wp-json\/wp\/v2\/users\/53"}],"replies":[{"embeddable":true,"href":"https:\/\/agora.xtec.cat\/ceipabatmarcet\/wp-json\/wp\/v2\/comments?post=5999"}],"version-history":[{"count":3,"href":"https:\/\/agora.xtec.cat\/ceipabatmarcet\/wp-json\/wp\/v2\/posts\/5999\/revisions"}],"predecessor-version":[{"id":6004,"href":"https:\/\/agora.xtec.cat\/ceipabatmarcet\/wp-json\/wp\/v2\/posts\/5999\/revisions\/6004"}],"wp:attachment":[{"href":"https:\/\/agora.xtec.cat\/ceipabatmarcet\/wp-json\/wp\/v2\/media?parent=5999"}],"wp:term":[{"taxonomy":"category","embeddable":true,"href":"https:\/\/agora.xtec.cat\/ceipabatmarcet\/wp-json\/wp\/v2\/categories?post=5999"},{"taxonomy":"post_tag","embeddable":true,"href":"https:\/\/agora.xtec.cat\/ceipabatmarcet\/wp-json\/wp\/v2\/tags?post=5999"}],"curies":[{"name":"wp","href":"https:\/\/api.w.org\/{rel}","templated":true}]}}