{"id":5959,"date":"2019-11-12T10:59:19","date_gmt":"2019-11-12T09:59:19","guid":{"rendered":"http:\/\/agora.xtec.cat\/ceipabatmarcet\/?p=5959"},"modified":"2019-11-12T11:27:30","modified_gmt":"2019-11-12T10:27:30","slug":"programa-coeducat-a-lescola","status":"publish","type":"post","link":"https:\/\/agora.xtec.cat\/ceipabatmarcet\/portada\/programa-coeducat-a-lescola\/","title":{"rendered":"Programa COEDUCA&#8217;T a l&#8217;escola"},"content":{"rendered":"<p style=\"text-align: left;\"><span style=\"color: #461980;\">En el marc de la implementaci\u00f3 del\u00a0<strong>Protocol de prevenci\u00f3, detecci\u00f3 i intervenci\u00f3 de la viol\u00e8ncia masclista entre l\u2019alumnat<\/strong>, publicat el passat mes de juny, el nostre centre\u00a0ha estat seleccionat per a participar en el <strong>programa\u00a0COEDUCA\u2019T\u00a0 <\/strong>del Departament d&#8217;Educaci\u00f3,\u00a0 un programa formatiu amb tallers adre\u00e7ats a alumnat i fam\u00edlies (4 hores respectivament) aix\u00ed com formaci\u00f3 al professorat (30h)<\/span><\/p>\n<p><a href=\"https:\/\/agora.xtec.cat\/ceipabatmarcet\/wp-content\/uploads\/usu1494\/2019\/11\/coeducat_logo.png\"><img loading=\"lazy\" decoding=\"async\" class=\"wp-image-5953 size-medium aligncenter\" src=\"https:\/\/agora.xtec.cat\/ceipabatmarcet\/wp-content\/uploads\/usu1494\/2019\/11\/coeducat_logo-300x240.png\" alt=\"\" width=\"300\" height=\"240\" srcset=\"https:\/\/agora.xtec.cat\/ceipabatmarcet\/wp-content\/uploads\/usu1494\/2019\/11\/coeducat_logo-300x240.png 300w, https:\/\/agora.xtec.cat\/ceipabatmarcet\/wp-content\/uploads\/usu1494\/2019\/11\/coeducat_logo.png 746w\" sizes=\"auto, (max-width: 300px) 100vw, 300px\" \/><\/a><\/p>\n<table style=\"height: 112px; border-color: #f8f5fa; width: 729px; background-color: #f0e4f2;\" width=\"729\">\n<tbody>\n<tr style=\"height: 151px;\">\n<td style=\"width: 723px; height: 112px;\">\n<p style=\"font-weight: 400; text-align: left;\"><span style=\"color: #461980;\"><strong>&#8211; Paquet formatiu alumnat: <\/strong><\/span><span style=\"color: #461980;\">\u00a05\u00e8 i 6e de prim\u00e0ria\u00a0 (2 sessions)<\/span><\/p>\n<p><span style=\"color: #461980;\"><strong>&#8211; Paquet formatiu fam\u00edlies <\/strong>dels alumnes de prim\u00e0ria\u00a0 (2 sessions)<\/span><\/p>\n<p><span style=\"color: #461980;\"><strong>&#8211; Formaci\u00f3 per a docents<\/strong><\/span><\/td>\n<\/tr>\n<\/tbody>\n<\/table>\n<p><span style=\"color: #008000;\"><em>***Les dues sessions de les fam\u00edlies es realitzaran els dimecres 20 i 27 de novembre de 15h a 16:30h. Si teniu inter\u00e8s en assistir passeu per secretaria o truqueu per tel\u00e8fon (93 788 05 37) en horari de mat\u00ed de 9h a 13h.<\/em><\/span><\/p>\n<p><a href=\"http:\/\/ensenyament.gencat.cat\/ca\/arees-actuacio\/centres-serveis-educatius\/altres-programes-educatius\/coeducat\/\" target=\"_blank\" rel=\"noopener noreferrer\">Programa COEDUCA&#8217;T<\/a><\/p>\n","protected":false},"excerpt":{"rendered":"<p>En el marc de la implementaci\u00f3 del\u00a0Protocol de prevenci\u00f3, detecci\u00f3 i intervenci\u00f3 de la viol\u00e8ncia masclista entre l\u2019alumnat, publicat el passat mes de juny, el nostre centre\u00a0ha estat seleccionat per a participar en el programa\u00a0COEDUCA\u2019T\u00a0 del Departament d&#8217;Educaci\u00f3,\u00a0 un programa formatiu amb tallers adre\u00e7ats a alumnat i fam\u00edlies (4 hores respectivament) aix\u00ed com formaci\u00f3 al [&hellip;]<\/p>\n","protected":false},"author":1,"featured_media":0,"comment_status":"open","ping_status":"closed","sticky":false,"template":"","format":"standard","meta":{"_bbp_topic_count":0,"_bbp_reply_count":0,"_bbp_total_topic_count":0,"_bbp_total_reply_count":0,"_bbp_voice_count":0,"_bbp_anonymous_reply_count":0,"_bbp_topic_count_hidden":0,"_bbp_reply_count_hidden":0,"_bbp_forum_subforum_count":0,"site-sidebar-layout":"default","site-content-layout":"","ast-site-content-layout":"","site-content-style":"default","site-sidebar-style":"default","ast-global-header-display":"","ast-banner-title-visibility":"","ast-main-header-display":"","ast-hfb-above-header-display":"","ast-hfb-below-header-display":"","ast-hfb-mobile-header-display":"","site-post-title":"","ast-breadcrumbs-content":"","ast-featured-img":"","footer-sml-layout":"","theme-transparent-header-meta":"","adv-header-id-meta":"","stick-header-meta":"","header-above-stick-meta":"","header-main-stick-meta":"","header-below-stick-meta":"","astra-migrate-meta-layouts":"default","ast-page-background-enabled":"default","ast-page-background-meta":{"desktop":{"background-color":"var(--ast-global-color-4)","background-image":"","background-repeat":"repeat","background-position":"center center","background-size":"auto","background-attachment":"scroll","background-type":"","background-media":"","overlay-type":"","overlay-color":"","overlay-opacity":"","overlay-gradient":""},"tablet":{"background-color":"","background-image":"","background-repeat":"repeat","background-position":"center center","background-size":"auto","background-attachment":"scroll","background-type":"","background-media":"","overlay-type":"","overlay-color":"","overlay-opacity":"","overlay-gradient":""},"mobile":{"background-color":"","background-image":"","background-repeat":"repeat","background-position":"center center","background-size":"auto","background-attachment":"scroll","background-type":"","background-media":"","overlay-type":"","overlay-color":"","overlay-opacity":"","overlay-gradient":""}},"ast-content-background-meta":{"desktop":{"background-color":"var(--ast-global-color-5)","background-image":"","background-repeat":"repeat","background-position":"center center","background-size":"auto","background-attachment":"scroll","background-type":"","background-media":"","overlay-type":"","overlay-color":"","overlay-opacity":"","overlay-gradient":""},"tablet":{"background-color":"var(--ast-global-color-5)","background-image":"","background-repeat":"repeat","background-position":"center center","background-size":"auto","background-attachment":"scroll","background-type":"","background-media":"","overlay-type":"","overlay-color":"","overlay-opacity":"","overlay-gradient":""},"mobile":{"background-color":"var(--ast-global-color-5)","background-image":"","background-repeat":"repeat","background-position":"center center","background-size":"auto","background-attachment":"scroll","background-type":"","background-media":"","overlay-type":"","overlay-color":"","overlay-opacity":"","overlay-gradient":""}},"footnotes":""},"categories":[156,4],"tags":[],"class_list":["post-5959","post","type-post","status-publish","format-standard","hentry","category-coeducat","category-portada"],"post_mailing_queue_ids":[],"_links":{"self":[{"href":"https:\/\/agora.xtec.cat\/ceipabatmarcet\/wp-json\/wp\/v2\/posts\/5959","targetHints":{"allow":["GET"]}}],"collection":[{"href":"https:\/\/agora.xtec.cat\/ceipabatmarcet\/wp-json\/wp\/v2\/posts"}],"about":[{"href":"https:\/\/agora.xtec.cat\/ceipabatmarcet\/wp-json\/wp\/v2\/types\/post"}],"author":[{"embeddable":true,"href":"https:\/\/agora.xtec.cat\/ceipabatmarcet\/wp-json\/wp\/v2\/users\/1"}],"replies":[{"embeddable":true,"href":"https:\/\/agora.xtec.cat\/ceipabatmarcet\/wp-json\/wp\/v2\/comments?post=5959"}],"version-history":[{"count":4,"href":"https:\/\/agora.xtec.cat\/ceipabatmarcet\/wp-json\/wp\/v2\/posts\/5959\/revisions"}],"predecessor-version":[{"id":5967,"href":"https:\/\/agora.xtec.cat\/ceipabatmarcet\/wp-json\/wp\/v2\/posts\/5959\/revisions\/5967"}],"wp:attachment":[{"href":"https:\/\/agora.xtec.cat\/ceipabatmarcet\/wp-json\/wp\/v2\/media?parent=5959"}],"wp:term":[{"taxonomy":"category","embeddable":true,"href":"https:\/\/agora.xtec.cat\/ceipabatmarcet\/wp-json\/wp\/v2\/categories?post=5959"},{"taxonomy":"post_tag","embeddable":true,"href":"https:\/\/agora.xtec.cat\/ceipabatmarcet\/wp-json\/wp\/v2\/tags?post=5959"}],"curies":[{"name":"wp","href":"https:\/\/api.w.org\/{rel}","templated":true}]}}