{"id":5617,"date":"2019-09-12T14:00:26","date_gmt":"2019-09-12T12:00:26","guid":{"rendered":"http:\/\/agora.xtec.cat\/ceipabatmarcet\/?p=5617"},"modified":"2021-02-18T09:39:11","modified_gmt":"2021-02-18T08:39:11","slug":"com-han-de-ser-els-patis-de-les-escoles","status":"publish","type":"post","link":"https:\/\/agora.xtec.cat\/ceipabatmarcet\/general\/com-han-de-ser-els-patis-de-les-escoles\/","title":{"rendered":"Com han de ser els patis de les escoles?"},"content":{"rendered":"<p><span style=\"color: #993366;\"><strong>Com han de ser els patis de les escoles? &#8211; El mat\u00ed de Catalunya R\u00e0dio\u00a0<\/strong><\/span><\/p>\n<p><span style=\"color: #993366;\"><em>Avui que ha comen\u00e7at el curs a la majoria de les escoles del nostre pa\u00eds, a &#8220;Us fem cas&#8221; ens volem fixar en un espai com\u00fa en totes: el pati. A &#8220;Us fem cas&#8221;, Robert Prat parla amb J\u00falia L\u00f3pez, directora de l&#8217;escola Abat Marcet de Terrassa. Ens acompanya, a l&#8217;estudi, Dafne Salda\u00f1a, coatuora del llibre &#8220;Els patis d&#8217;escola en igualtat&#8221; (Editorial Pol\u00b7len)&#8230;<\/em><\/span><\/p>\n<p style=\"text-align: right;\">cliqueu a la imatge per escoltar tota l&#8217;entrevista<br \/>\n<a href=\"https:\/\/www.ccma.cat\/catradio\/alacarta\/el-mati-de-catalunya-radio\/com-han-de-ser-els-patis-de-les-escoles\/audio\/1048714\/#.XXqHdwNbYAI.whatsapp\"><img loading=\"lazy\" decoding=\"async\" class=\"alignnone wp-image-5618 size-full\" src=\"https:\/\/agora.xtec.cat\/ceipabatmarcet\/wp-content\/uploads\/usu1494\/2019\/09\/image1.jpeg\" alt=\"\" width=\"640\" height=\"480\" srcset=\"https:\/\/agora.xtec.cat\/ceipabatmarcet\/wp-content\/uploads\/usu1494\/2019\/09\/image1.jpeg 640w, https:\/\/agora.xtec.cat\/ceipabatmarcet\/wp-content\/uploads\/usu1494\/2019\/09\/image1-300x225.jpeg 300w, https:\/\/agora.xtec.cat\/ceipabatmarcet\/wp-content\/uploads\/usu1494\/2019\/09\/image1-200x150.jpeg 200w\" sizes=\"auto, (max-width: 640px) 100vw, 640px\" \/><\/a><\/p>\n","protected":false},"excerpt":{"rendered":"<p>Com han de ser els patis de les escoles? &#8211; El mat\u00ed de Catalunya R\u00e0dio\u00a0 Avui que ha comen\u00e7at el curs a la majoria de les escoles del nostre pa\u00eds, a &#8220;Us fem cas&#8221; ens volem fixar en un espai com\u00fa en totes: el pati. A &#8220;Us fem cas&#8221;, Robert Prat parla amb J\u00falia L\u00f3pez, [&hellip;]<\/p>\n","protected":false},"author":1,"featured_media":0,"comment_status":"open","ping_status":"closed","sticky":false,"template":"","format":"standard","meta":{"_bbp_topic_count":0,"_bbp_reply_count":0,"_bbp_total_topic_count":0,"_bbp_total_reply_count":0,"_bbp_voice_count":0,"_bbp_anonymous_reply_count":0,"_bbp_topic_count_hidden":0,"_bbp_reply_count_hidden":0,"_bbp_forum_subforum_count":0,"site-sidebar-layout":"default","site-content-layout":"","ast-site-content-layout":"","site-content-style":"default","site-sidebar-style":"default","ast-global-header-display":"","ast-banner-title-visibility":"","ast-main-header-display":"","ast-hfb-above-header-display":"","ast-hfb-below-header-display":"","ast-hfb-mobile-header-display":"","site-post-title":"","ast-breadcrumbs-content":"","ast-featured-img":"","footer-sml-layout":"","theme-transparent-header-meta":"","adv-header-id-meta":"","stick-header-meta":"","header-above-stick-meta":"","header-main-stick-meta":"","header-below-stick-meta":"","astra-migrate-meta-layouts":"default","ast-page-background-enabled":"default","ast-page-background-meta":{"desktop":{"background-color":"var(--ast-global-color-4)","background-image":"","background-repeat":"repeat","background-position":"center center","background-size":"auto","background-attachment":"scroll","background-type":"","background-media":"","overlay-type":"","overlay-color":"","overlay-opacity":"","overlay-gradient":""},"tablet":{"background-color":"","background-image":"","background-repeat":"repeat","background-position":"center center","background-size":"auto","background-attachment":"scroll","background-type":"","background-media":"","overlay-type":"","overlay-color":"","overlay-opacity":"","overlay-gradient":""},"mobile":{"background-color":"","background-image":"","background-repeat":"repeat","background-position":"center center","background-size":"auto","background-attachment":"scroll","background-type":"","background-media":"","overlay-type":"","overlay-color":"","overlay-opacity":"","overlay-gradient":""}},"ast-content-background-meta":{"desktop":{"background-color":"var(--ast-global-color-5)","background-image":"","background-repeat":"repeat","background-position":"center center","background-size":"auto","background-attachment":"scroll","background-type":"","background-media":"","overlay-type":"","overlay-color":"","overlay-opacity":"","overlay-gradient":""},"tablet":{"background-color":"var(--ast-global-color-5)","background-image":"","background-repeat":"repeat","background-position":"center center","background-size":"auto","background-attachment":"scroll","background-type":"","background-media":"","overlay-type":"","overlay-color":"","overlay-opacity":"","overlay-gradient":""},"mobile":{"background-color":"var(--ast-global-color-5)","background-image":"","background-repeat":"repeat","background-position":"center center","background-size":"auto","background-attachment":"scroll","background-type":"","background-media":"","overlay-type":"","overlay-color":"","overlay-opacity":"","overlay-gradient":""}},"footnotes":""},"categories":[156,1,4],"tags":[],"class_list":["post-5617","post","type-post","status-publish","format-standard","hentry","category-coeducat","category-general","category-portada"],"post_mailing_queue_ids":[],"_links":{"self":[{"href":"https:\/\/agora.xtec.cat\/ceipabatmarcet\/wp-json\/wp\/v2\/posts\/5617","targetHints":{"allow":["GET"]}}],"collection":[{"href":"https:\/\/agora.xtec.cat\/ceipabatmarcet\/wp-json\/wp\/v2\/posts"}],"about":[{"href":"https:\/\/agora.xtec.cat\/ceipabatmarcet\/wp-json\/wp\/v2\/types\/post"}],"author":[{"embeddable":true,"href":"https:\/\/agora.xtec.cat\/ceipabatmarcet\/wp-json\/wp\/v2\/users\/1"}],"replies":[{"embeddable":true,"href":"https:\/\/agora.xtec.cat\/ceipabatmarcet\/wp-json\/wp\/v2\/comments?post=5617"}],"version-history":[{"count":1,"href":"https:\/\/agora.xtec.cat\/ceipabatmarcet\/wp-json\/wp\/v2\/posts\/5617\/revisions"}],"predecessor-version":[{"id":5619,"href":"https:\/\/agora.xtec.cat\/ceipabatmarcet\/wp-json\/wp\/v2\/posts\/5617\/revisions\/5619"}],"wp:attachment":[{"href":"https:\/\/agora.xtec.cat\/ceipabatmarcet\/wp-json\/wp\/v2\/media?parent=5617"}],"wp:term":[{"taxonomy":"category","embeddable":true,"href":"https:\/\/agora.xtec.cat\/ceipabatmarcet\/wp-json\/wp\/v2\/categories?post=5617"},{"taxonomy":"post_tag","embeddable":true,"href":"https:\/\/agora.xtec.cat\/ceipabatmarcet\/wp-json\/wp\/v2\/tags?post=5617"}],"curies":[{"name":"wp","href":"https:\/\/api.w.org\/{rel}","templated":true}]}}