{"id":4944,"date":"2019-05-15T22:32:28","date_gmt":"2019-05-15T20:32:28","guid":{"rendered":"http:\/\/agora.xtec.cat\/ceipabatmarcet\/?p=4944"},"modified":"2019-06-23T20:07:34","modified_gmt":"2019-06-23T18:07:34","slug":"visita-al-mnactec-2","status":"publish","type":"post","link":"https:\/\/agora.xtec.cat\/ceipabatmarcet\/primaria\/5e\/visita-al-mnactec-2\/","title":{"rendered":"Visita al mNACTEC"},"content":{"rendered":"<p><a href=\"https:\/\/photos.app.goo.gl\/TCvpfh6sMZZAGdGB9\"><img loading=\"lazy\" decoding=\"async\" class=\"aligncenter wp-image-4945\" src=\"https:\/\/agora.xtec.cat\/ceipabatmarcet\/wp-content\/uploads\/usu1494\/2019\/05\/mnactec-1024x768.jpg\" alt=\"\" width=\"616\" height=\"462\" srcset=\"https:\/\/agora.xtec.cat\/ceipabatmarcet\/wp-content\/uploads\/usu1494\/2019\/05\/mnactec-1024x768.jpg 1024w, https:\/\/agora.xtec.cat\/ceipabatmarcet\/wp-content\/uploads\/usu1494\/2019\/05\/mnactec-300x225.jpg 300w, https:\/\/agora.xtec.cat\/ceipabatmarcet\/wp-content\/uploads\/usu1494\/2019\/05\/mnactec-768x576.jpg 768w, https:\/\/agora.xtec.cat\/ceipabatmarcet\/wp-content\/uploads\/usu1494\/2019\/05\/mnactec-200x150.jpg 200w, https:\/\/agora.xtec.cat\/ceipabatmarcet\/wp-content\/uploads\/usu1494\/2019\/05\/mnactec.jpg 1259w\" sizes=\"auto, (max-width: 616px) 100vw, 616px\" \/><\/a><\/p>\n<p>Els nois i noies de 5\u00e8 hem anat al mNACTEC, hem visitat concretament &#8220;la f\u00e0brica t\u00e8xtil&#8221;, una exposici\u00f3 que\u00a0 mostra tot el proc\u00e9s de fabricaci\u00f3 dels teixits de llana a principis del segle XX.\u00a0 Hem pogut veure on es conserven les carboneres, les calderes, la xemeneia i la m\u00e0quina de vapor, que era el cor de la f\u00e0brica.<\/p>\n<p>L&#8217;exposici\u00f3 recrea l&#8217;ambient de la f\u00e0brica, el brogit i els moviments de la m\u00e0quina de vapor, el funcionament de les m\u00e0quines de filar i la vida quotidiana dels treballadors. Al llarg del recorregut hem pogut gaudir d&#8217;una col\u00b7lecci\u00f3 de maquin\u00e0ria t\u00e8xtil excepcional i \u00fanica a Catalunya, tant per la seva qualitat t\u00e8cnica com pel seu estat de conservaci\u00f3.<\/p>\n<p>&nbsp;<\/p>\n<p>&nbsp;<\/p>\n","protected":false},"excerpt":{"rendered":"<p>Els nois i noies de 5\u00e8 hem anat al mNACTEC, hem visitat concretament &#8220;la f\u00e0brica t\u00e8xtil&#8221;, una exposici\u00f3 que\u00a0 mostra tot el proc\u00e9s de fabricaci\u00f3 dels teixits de llana a principis del segle XX.\u00a0 Hem pogut veure on es conserven les carboneres, les calderes, la xemeneia i la m\u00e0quina de vapor, que era el cor [&hellip;]<\/p>\n","protected":false},"author":1,"featured_media":0,"comment_status":"open","ping_status":"closed","sticky":false,"template":"","format":"standard","meta":{"_bbp_topic_count":0,"_bbp_reply_count":0,"_bbp_total_topic_count":0,"_bbp_total_reply_count":0,"_bbp_voice_count":0,"_bbp_anonymous_reply_count":0,"_bbp_topic_count_hidden":0,"_bbp_reply_count_hidden":0,"_bbp_forum_subforum_count":0,"site-sidebar-layout":"default","site-content-layout":"","ast-site-content-layout":"","site-content-style":"default","site-sidebar-style":"default","ast-global-header-display":"","ast-banner-title-visibility":"","ast-main-header-display":"","ast-hfb-above-header-display":"","ast-hfb-below-header-display":"","ast-hfb-mobile-header-display":"","site-post-title":"","ast-breadcrumbs-content":"","ast-featured-img":"","footer-sml-layout":"","theme-transparent-header-meta":"","adv-header-id-meta":"","stick-header-meta":"","header-above-stick-meta":"","header-main-stick-meta":"","header-below-stick-meta":"","astra-migrate-meta-layouts":"default","ast-page-background-enabled":"default","ast-page-background-meta":{"desktop":{"background-color":"var(--ast-global-color-4)","background-image":"","background-repeat":"repeat","background-position":"center center","background-size":"auto","background-attachment":"scroll","background-type":"","background-media":"","overlay-type":"","overlay-color":"","overlay-opacity":"","overlay-gradient":""},"tablet":{"background-color":"","background-image":"","background-repeat":"repeat","background-position":"center center","background-size":"auto","background-attachment":"scroll","background-type":"","background-media":"","overlay-type":"","overlay-color":"","overlay-opacity":"","overlay-gradient":""},"mobile":{"background-color":"","background-image":"","background-repeat":"repeat","background-position":"center center","background-size":"auto","background-attachment":"scroll","background-type":"","background-media":"","overlay-type":"","overlay-color":"","overlay-opacity":"","overlay-gradient":""}},"ast-content-background-meta":{"desktop":{"background-color":"var(--ast-global-color-5)","background-image":"","background-repeat":"repeat","background-position":"center center","background-size":"auto","background-attachment":"scroll","background-type":"","background-media":"","overlay-type":"","overlay-color":"","overlay-opacity":"","overlay-gradient":""},"tablet":{"background-color":"var(--ast-global-color-5)","background-image":"","background-repeat":"repeat","background-position":"center center","background-size":"auto","background-attachment":"scroll","background-type":"","background-media":"","overlay-type":"","overlay-color":"","overlay-opacity":"","overlay-gradient":""},"mobile":{"background-color":"var(--ast-global-color-5)","background-image":"","background-repeat":"repeat","background-position":"center center","background-size":"auto","background-attachment":"scroll","background-type":"","background-media":"","overlay-type":"","overlay-color":"","overlay-opacity":"","overlay-gradient":""}},"footnotes":""},"categories":[14],"tags":[16],"class_list":["post-4944","post","type-post","status-publish","format-standard","hentry","category-5e","tag-sortides"],"post_mailing_queue_ids":[],"_links":{"self":[{"href":"https:\/\/agora.xtec.cat\/ceipabatmarcet\/wp-json\/wp\/v2\/posts\/4944","targetHints":{"allow":["GET"]}}],"collection":[{"href":"https:\/\/agora.xtec.cat\/ceipabatmarcet\/wp-json\/wp\/v2\/posts"}],"about":[{"href":"https:\/\/agora.xtec.cat\/ceipabatmarcet\/wp-json\/wp\/v2\/types\/post"}],"author":[{"embeddable":true,"href":"https:\/\/agora.xtec.cat\/ceipabatmarcet\/wp-json\/wp\/v2\/users\/1"}],"replies":[{"embeddable":true,"href":"https:\/\/agora.xtec.cat\/ceipabatmarcet\/wp-json\/wp\/v2\/comments?post=4944"}],"version-history":[{"count":4,"href":"https:\/\/agora.xtec.cat\/ceipabatmarcet\/wp-json\/wp\/v2\/posts\/4944\/revisions"}],"predecessor-version":[{"id":5573,"href":"https:\/\/agora.xtec.cat\/ceipabatmarcet\/wp-json\/wp\/v2\/posts\/4944\/revisions\/5573"}],"wp:attachment":[{"href":"https:\/\/agora.xtec.cat\/ceipabatmarcet\/wp-json\/wp\/v2\/media?parent=4944"}],"wp:term":[{"taxonomy":"category","embeddable":true,"href":"https:\/\/agora.xtec.cat\/ceipabatmarcet\/wp-json\/wp\/v2\/categories?post=4944"},{"taxonomy":"post_tag","embeddable":true,"href":"https:\/\/agora.xtec.cat\/ceipabatmarcet\/wp-json\/wp\/v2\/tags?post=4944"}],"curies":[{"name":"wp","href":"https:\/\/api.w.org\/{rel}","templated":true}]}}