{"id":4779,"date":"2019-04-25T00:11:41","date_gmt":"2019-04-24T22:11:41","guid":{"rendered":"http:\/\/agora.xtec.cat\/ceipabatmarcet\/?p=4779"},"modified":"2019-04-25T00:16:38","modified_gmt":"2019-04-24T22:16:38","slug":"sant-jordi-2019-2","status":"publish","type":"post","link":"https:\/\/agora.xtec.cat\/ceipabatmarcet\/general\/sant-jordi-2019-2\/","title":{"rendered":"Sant Jordi 2019"},"content":{"rendered":"<p>Ja tenim aqu\u00ed les fotos i els videos de la <strong>diada de Sant Jordi<\/strong> que es va celebrar aquest dimarts dia 23 d&#8217;abril a l&#8217;escola. La festa va comen\u00e7ar amb la lectura del preg\u00f3 a c\u00e0rrec de\u00a0la Pubilla i l\u2019Hereu, que enguany han estat la <strong>J\u00falia Balaguer i l&#8217;Adri\u00e1n Torres<\/strong>. Al demat\u00ed va tenir lloc l&#8217;acte dels Jocs Florals on es va fer l&#8217;entrega dels premis pel concurs fotogr\u00e0fic familiar i pels treballs de Sant Jordi realitzats per l\u2019alumnat d\u2019educaci\u00f3 infantil i de prim\u00e0ria.<\/p>\n<p>A la tarda, l&#8217;escola va obrir les portes per mostrar a les fam\u00edlies les danses que l&#8217;alumnat ha estat preparant des de l\u2019\u00e0mbit educaci\u00f3 art\u00edstica i musical. La diada ha estat tot un \u00e8xit, aix\u00ed com la parada de venta de llibres que l&#8217;AMPA va organitzar.<\/p>\n<p>Moltes gr\u00e0cies per la vostra col\u00b7laboraci\u00f3!<\/p>\n<p><a href=\"https:\/\/photos.app.goo.gl\/5R4nuPS3yF8bqoxF9\"><img loading=\"lazy\" decoding=\"async\" class=\"aligncenter wp-image-4780\" src=\"https:\/\/agora.xtec.cat\/ceipabatmarcet\/wp-content\/uploads\/usu1494\/2019\/04\/Sant-Jordi-2019-300x300.jpg\" alt=\"\" width=\"367\" height=\"367\" srcset=\"https:\/\/agora.xtec.cat\/ceipabatmarcet\/wp-content\/uploads\/usu1494\/2019\/04\/Sant-Jordi-2019-300x300.jpg 300w, https:\/\/agora.xtec.cat\/ceipabatmarcet\/wp-content\/uploads\/usu1494\/2019\/04\/Sant-Jordi-2019-150x150.jpg 150w, https:\/\/agora.xtec.cat\/ceipabatmarcet\/wp-content\/uploads\/usu1494\/2019\/04\/Sant-Jordi-2019.jpg 657w\" sizes=\"auto, (max-width: 367px) 100vw, 367px\" \/><\/a><\/p>\n","protected":false},"excerpt":{"rendered":"<p>Ja tenim aqu\u00ed les fotos i els videos de la diada de Sant Jordi que es va celebrar aquest dimarts dia 23 d&#8217;abril a l&#8217;escola. La festa va comen\u00e7ar amb la lectura del preg\u00f3 a c\u00e0rrec de\u00a0la Pubilla i l\u2019Hereu, que enguany han estat la J\u00falia Balaguer i l&#8217;Adri\u00e1n Torres. Al demat\u00ed va tenir lloc [&hellip;]<\/p>\n","protected":false},"author":9,"featured_media":0,"comment_status":"open","ping_status":"closed","sticky":false,"template":"","format":"standard","meta":{"_bbp_topic_count":0,"_bbp_reply_count":0,"_bbp_total_topic_count":0,"_bbp_total_reply_count":0,"_bbp_voice_count":0,"_bbp_anonymous_reply_count":0,"_bbp_topic_count_hidden":0,"_bbp_reply_count_hidden":0,"_bbp_forum_subforum_count":0,"site-sidebar-layout":"default","site-content-layout":"","ast-site-content-layout":"","site-content-style":"default","site-sidebar-style":"default","ast-global-header-display":"","ast-banner-title-visibility":"","ast-main-header-display":"","ast-hfb-above-header-display":"","ast-hfb-below-header-display":"","ast-hfb-mobile-header-display":"","site-post-title":"","ast-breadcrumbs-content":"","ast-featured-img":"","footer-sml-layout":"","theme-transparent-header-meta":"","adv-header-id-meta":"","stick-header-meta":"","header-above-stick-meta":"","header-main-stick-meta":"","header-below-stick-meta":"","astra-migrate-meta-layouts":"default","ast-page-background-enabled":"default","ast-page-background-meta":{"desktop":{"background-color":"var(--ast-global-color-4)","background-image":"","background-repeat":"repeat","background-position":"center center","background-size":"auto","background-attachment":"scroll","background-type":"","background-media":"","overlay-type":"","overlay-color":"","overlay-opacity":"","overlay-gradient":""},"tablet":{"background-color":"","background-image":"","background-repeat":"repeat","background-position":"center center","background-size":"auto","background-attachment":"scroll","background-type":"","background-media":"","overlay-type":"","overlay-color":"","overlay-opacity":"","overlay-gradient":""},"mobile":{"background-color":"","background-image":"","background-repeat":"repeat","background-position":"center center","background-size":"auto","background-attachment":"scroll","background-type":"","background-media":"","overlay-type":"","overlay-color":"","overlay-opacity":"","overlay-gradient":""}},"ast-content-background-meta":{"desktop":{"background-color":"var(--ast-global-color-5)","background-image":"","background-repeat":"repeat","background-position":"center center","background-size":"auto","background-attachment":"scroll","background-type":"","background-media":"","overlay-type":"","overlay-color":"","overlay-opacity":"","overlay-gradient":""},"tablet":{"background-color":"var(--ast-global-color-5)","background-image":"","background-repeat":"repeat","background-position":"center center","background-size":"auto","background-attachment":"scroll","background-type":"","background-media":"","overlay-type":"","overlay-color":"","overlay-opacity":"","overlay-gradient":""},"mobile":{"background-color":"var(--ast-global-color-5)","background-image":"","background-repeat":"repeat","background-position":"center center","background-size":"auto","background-attachment":"scroll","background-type":"","background-media":"","overlay-type":"","overlay-color":"","overlay-opacity":"","overlay-gradient":""}},"footnotes":""},"categories":[1,4,5],"tags":[],"class_list":["post-4779","post","type-post","status-publish","format-standard","hentry","category-general","category-portada","category-primaria"],"post_mailing_queue_ids":[],"_links":{"self":[{"href":"https:\/\/agora.xtec.cat\/ceipabatmarcet\/wp-json\/wp\/v2\/posts\/4779","targetHints":{"allow":["GET"]}}],"collection":[{"href":"https:\/\/agora.xtec.cat\/ceipabatmarcet\/wp-json\/wp\/v2\/posts"}],"about":[{"href":"https:\/\/agora.xtec.cat\/ceipabatmarcet\/wp-json\/wp\/v2\/types\/post"}],"author":[{"embeddable":true,"href":"https:\/\/agora.xtec.cat\/ceipabatmarcet\/wp-json\/wp\/v2\/users\/9"}],"replies":[{"embeddable":true,"href":"https:\/\/agora.xtec.cat\/ceipabatmarcet\/wp-json\/wp\/v2\/comments?post=4779"}],"version-history":[{"count":3,"href":"https:\/\/agora.xtec.cat\/ceipabatmarcet\/wp-json\/wp\/v2\/posts\/4779\/revisions"}],"predecessor-version":[{"id":4785,"href":"https:\/\/agora.xtec.cat\/ceipabatmarcet\/wp-json\/wp\/v2\/posts\/4779\/revisions\/4785"}],"wp:attachment":[{"href":"https:\/\/agora.xtec.cat\/ceipabatmarcet\/wp-json\/wp\/v2\/media?parent=4779"}],"wp:term":[{"taxonomy":"category","embeddable":true,"href":"https:\/\/agora.xtec.cat\/ceipabatmarcet\/wp-json\/wp\/v2\/categories?post=4779"},{"taxonomy":"post_tag","embeddable":true,"href":"https:\/\/agora.xtec.cat\/ceipabatmarcet\/wp-json\/wp\/v2\/tags?post=4779"}],"curies":[{"name":"wp","href":"https:\/\/api.w.org\/{rel}","templated":true}]}}