{"id":4740,"date":"2019-04-11T13:58:26","date_gmt":"2019-04-11T11:58:26","guid":{"rendered":"http:\/\/agora.xtec.cat\/ceipabatmarcet\/?p=4740"},"modified":"2019-05-04T17:57:24","modified_gmt":"2019-05-04T15:57:24","slug":"sortida-a-la-fabrica-de-xocolata","status":"publish","type":"post","link":"https:\/\/agora.xtec.cat\/ceipabatmarcet\/primaria\/sortida-a-la-fabrica-de-xocolata\/","title":{"rendered":"Sortida a la f\u00e0brica de xocolata"},"content":{"rendered":"<p><a href=\"https:\/\/photos.app.goo.gl\/3uuujnyWkr9ZFKCV7\"><img loading=\"lazy\" decoding=\"async\" class=\"wp-image-2440 size-full aligncenter\" src=\"http:\/\/blocs.xtec.cat\/escolaabatmarcetciclesuperior\/files\/2019\/04\/xocolata.jpg\" alt=\"\" width=\"694\" height=\"694\" \/><\/a><\/p>\n<p>Aquest dimarts passat vam anar a Sant Sadurn\u00ed d&#8217;Anoia a visitar l&#8217;espai xocolata Simon Coll. No va ser gaire dif\u00edcil trobar la f\u00e0brica, ja que l&#8217;olor a xocolata inva\u00eda tot el poble, i nom\u00e9s ensumant podiem arribar a la f\u00e0brica. All\u00e0 ens hi esperava una monitora molt agradable. Ens van passar un v\u00eddeo explicatiu en una sala xul\u00edssima, en el que se\u2019ns\u00a0 informava de l\u2019origen del cacau i de la f\u00e0brica familiar Sim\u00f3n Coll.<\/p>\n<p>Despr\u00e9s de con\u00e8ixer moltissimes curiositats sobre el fruit del cacau, ens van deixar tastar tres tipus de xocolata: blanca, amb llet i negra. Aquestes les tast\u00e0vem sempre en petites porcions i sense mastegar per treure&#8217;n el m\u00e0xim profit d\u2019aquest dol\u00e7. Tamb\u00e9 ens van explicar com feien cada tipus, i perqu\u00e8 la xocolata blanca \u00e9s la m\u00e9s cal\u00f2rica.\u00a0 Un cop acabada l\u2019exposici\u00f3, ens van agra\u00efr la nostra visita i el nostre comportament amb una xocolatina per menjar-nos-la\u00a0 a la classe!!!!<\/p>\n<p>Despr\u00e9s vam anar a visitar les caves Blancher per con\u00e8ixer el proc\u00e9s d&#8217;elaboraci\u00f3 del cava. Aqu\u00ed vam provar el &#8220;most&#8221;, el suc del ra\u00efm obtingut de la premsada del ra\u00efm amb pellofa i raspa, destinat a fabricar cava o vi despr\u00e9s de la fermentaci\u00f3.<\/p>\n<p>En fi, ens ho vam passar d\u2019all\u00f2 m\u00e9s b\u00e9!<\/p>\n<p>&nbsp;<\/p>\n","protected":false},"excerpt":{"rendered":"<p>Aquest dimarts passat vam anar a Sant Sadurn\u00ed d&#8217;Anoia a visitar l&#8217;espai xocolata Simon Coll. No va ser gaire dif\u00edcil trobar la f\u00e0brica, ja que l&#8217;olor a xocolata inva\u00eda tot el poble, i nom\u00e9s ensumant podiem arribar a la f\u00e0brica. All\u00e0 ens hi esperava una monitora molt agradable. Ens van passar un v\u00eddeo explicatiu en [&hellip;]<\/p>\n","protected":false},"author":1,"featured_media":0,"comment_status":"open","ping_status":"closed","sticky":false,"template":"","format":"standard","meta":{"_bbp_topic_count":0,"_bbp_reply_count":0,"_bbp_total_topic_count":0,"_bbp_total_reply_count":0,"_bbp_voice_count":0,"_bbp_anonymous_reply_count":0,"_bbp_topic_count_hidden":0,"_bbp_reply_count_hidden":0,"_bbp_forum_subforum_count":0,"site-sidebar-layout":"default","site-content-layout":"","ast-site-content-layout":"","site-content-style":"default","site-sidebar-style":"default","ast-global-header-display":"","ast-banner-title-visibility":"","ast-main-header-display":"","ast-hfb-above-header-display":"","ast-hfb-below-header-display":"","ast-hfb-mobile-header-display":"","site-post-title":"","ast-breadcrumbs-content":"","ast-featured-img":"","footer-sml-layout":"","theme-transparent-header-meta":"","adv-header-id-meta":"","stick-header-meta":"","header-above-stick-meta":"","header-main-stick-meta":"","header-below-stick-meta":"","astra-migrate-meta-layouts":"default","ast-page-background-enabled":"default","ast-page-background-meta":{"desktop":{"background-color":"var(--ast-global-color-4)","background-image":"","background-repeat":"repeat","background-position":"center center","background-size":"auto","background-attachment":"scroll","background-type":"","background-media":"","overlay-type":"","overlay-color":"","overlay-opacity":"","overlay-gradient":""},"tablet":{"background-color":"","background-image":"","background-repeat":"repeat","background-position":"center center","background-size":"auto","background-attachment":"scroll","background-type":"","background-media":"","overlay-type":"","overlay-color":"","overlay-opacity":"","overlay-gradient":""},"mobile":{"background-color":"","background-image":"","background-repeat":"repeat","background-position":"center center","background-size":"auto","background-attachment":"scroll","background-type":"","background-media":"","overlay-type":"","overlay-color":"","overlay-opacity":"","overlay-gradient":""}},"ast-content-background-meta":{"desktop":{"background-color":"var(--ast-global-color-5)","background-image":"","background-repeat":"repeat","background-position":"center center","background-size":"auto","background-attachment":"scroll","background-type":"","background-media":"","overlay-type":"","overlay-color":"","overlay-opacity":"","overlay-gradient":""},"tablet":{"background-color":"var(--ast-global-color-5)","background-image":"","background-repeat":"repeat","background-position":"center center","background-size":"auto","background-attachment":"scroll","background-type":"","background-media":"","overlay-type":"","overlay-color":"","overlay-opacity":"","overlay-gradient":""},"mobile":{"background-color":"var(--ast-global-color-5)","background-image":"","background-repeat":"repeat","background-position":"center center","background-size":"auto","background-attachment":"scroll","background-type":"","background-media":"","overlay-type":"","overlay-color":"","overlay-opacity":"","overlay-gradient":""}},"footnotes":""},"categories":[14,5],"tags":[16],"class_list":["post-4740","post","type-post","status-publish","format-standard","hentry","category-5e","category-primaria","tag-sortides"],"post_mailing_queue_ids":[],"_links":{"self":[{"href":"https:\/\/agora.xtec.cat\/ceipabatmarcet\/wp-json\/wp\/v2\/posts\/4740","targetHints":{"allow":["GET"]}}],"collection":[{"href":"https:\/\/agora.xtec.cat\/ceipabatmarcet\/wp-json\/wp\/v2\/posts"}],"about":[{"href":"https:\/\/agora.xtec.cat\/ceipabatmarcet\/wp-json\/wp\/v2\/types\/post"}],"author":[{"embeddable":true,"href":"https:\/\/agora.xtec.cat\/ceipabatmarcet\/wp-json\/wp\/v2\/users\/1"}],"replies":[{"embeddable":true,"href":"https:\/\/agora.xtec.cat\/ceipabatmarcet\/wp-json\/wp\/v2\/comments?post=4740"}],"version-history":[{"count":2,"href":"https:\/\/agora.xtec.cat\/ceipabatmarcet\/wp-json\/wp\/v2\/posts\/4740\/revisions"}],"predecessor-version":[{"id":4742,"href":"https:\/\/agora.xtec.cat\/ceipabatmarcet\/wp-json\/wp\/v2\/posts\/4740\/revisions\/4742"}],"wp:attachment":[{"href":"https:\/\/agora.xtec.cat\/ceipabatmarcet\/wp-json\/wp\/v2\/media?parent=4740"}],"wp:term":[{"taxonomy":"category","embeddable":true,"href":"https:\/\/agora.xtec.cat\/ceipabatmarcet\/wp-json\/wp\/v2\/categories?post=4740"},{"taxonomy":"post_tag","embeddable":true,"href":"https:\/\/agora.xtec.cat\/ceipabatmarcet\/wp-json\/wp\/v2\/tags?post=4740"}],"curies":[{"name":"wp","href":"https:\/\/api.w.org\/{rel}","templated":true}]}}