{"id":4120,"date":"2019-01-23T17:13:00","date_gmt":"2019-01-23T16:13:00","guid":{"rendered":"http:\/\/agora.xtec.cat\/ceipabatmarcet\/?p=4120"},"modified":"2019-01-23T17:13:00","modified_gmt":"2019-01-23T16:13:00","slug":"projecte-de-les-formigues-p3a-2","status":"publish","type":"post","link":"https:\/\/agora.xtec.cat\/ceipabatmarcet\/infantil\/projecte-de-les-formigues-p3a-2\/","title":{"rendered":"Projecte de les formigues p3A"},"content":{"rendered":"<p><a href=\"https:\/\/photos.app.goo.gl\/vrxb8f1Z2fYRSeAG8\"><img loading=\"lazy\" decoding=\"async\" class=\"alignnone  wp-image-4121\" src=\"https:\/\/agora.xtec.cat\/ceipabatmarcet\/wp-content\/uploads\/usu1494\/2019\/01\/17813695-ilustraci\u00f3n-de-dibujos-animados-ant-768x1024.jpg\" alt=\"\" width=\"290\" height=\"387\" srcset=\"https:\/\/agora.xtec.cat\/ceipabatmarcet\/wp-content\/uploads\/usu1494\/2019\/01\/17813695-ilustraci\u00f3n-de-dibujos-animados-ant-768x1024.jpg 768w, https:\/\/agora.xtec.cat\/ceipabatmarcet\/wp-content\/uploads\/usu1494\/2019\/01\/17813695-ilustraci\u00f3n-de-dibujos-animados-ant-225x300.jpg 225w, https:\/\/agora.xtec.cat\/ceipabatmarcet\/wp-content\/uploads\/usu1494\/2019\/01\/17813695-ilustraci\u00f3n-de-dibujos-animados-ant.jpg 975w\" sizes=\"auto, (max-width: 290px) 100vw, 290px\" \/><\/a><\/p>\n<p>Hola families!!! Continuem amb el Projecte de les formigues. Abans del Nadal i en aquests dies hem visualitzat contes i llibres sobre les formigues amb la lupa digital, hem vist la pel.l\u00edcula &#8220;Bichos&#8221;, hem escoltat un conte molt divertit on la protagonista \u00e9s una formiga; &#8220;Upssssss!! El llibre de les cuques contentes&#8221;. Tamb\u00e9 hem visionat uns curts animats sobre insectes molt divertits (els veureu a l&#8217;enlla\u00e7 juntament amb les fotos) Tot aquest material ens ha servit per treure conclusions sobre les caracter\u00edstiques de les formigues i la seva forma de vida. I continuem aprenent, m\u00e9s endavant us explicarem com va la nostra investigaci\u00f3. Si clickeu la foto veureu les fotos que ja estaven penjades al bloc juntament amb altres noves i videos dels curts.<\/p>\n","protected":false},"excerpt":{"rendered":"<p>Hola families!!! Continuem amb el Projecte de les formigues. Abans del Nadal i en aquests dies hem visualitzat contes i llibres sobre les formigues amb la lupa digital, hem vist la pel.l\u00edcula &#8220;Bichos&#8221;, hem escoltat un conte molt divertit on la protagonista \u00e9s una formiga; &#8220;Upssssss!! El llibre de les cuques contentes&#8221;. Tamb\u00e9 hem visionat [&hellip;]<\/p>\n","protected":false},"author":32,"featured_media":0,"comment_status":"open","ping_status":"closed","sticky":false,"template":"","format":"standard","meta":{"_bbp_topic_count":0,"_bbp_reply_count":0,"_bbp_total_topic_count":0,"_bbp_total_reply_count":0,"_bbp_voice_count":0,"_bbp_anonymous_reply_count":0,"_bbp_topic_count_hidden":0,"_bbp_reply_count_hidden":0,"_bbp_forum_subforum_count":0,"site-sidebar-layout":"default","site-content-layout":"","ast-site-content-layout":"","site-content-style":"default","site-sidebar-style":"default","ast-global-header-display":"","ast-banner-title-visibility":"","ast-main-header-display":"","ast-hfb-above-header-display":"","ast-hfb-below-header-display":"","ast-hfb-mobile-header-display":"","site-post-title":"","ast-breadcrumbs-content":"","ast-featured-img":"","footer-sml-layout":"","theme-transparent-header-meta":"","adv-header-id-meta":"","stick-header-meta":"","header-above-stick-meta":"","header-main-stick-meta":"","header-below-stick-meta":"","astra-migrate-meta-layouts":"default","ast-page-background-enabled":"default","ast-page-background-meta":{"desktop":{"background-color":"var(--ast-global-color-4)","background-image":"","background-repeat":"repeat","background-position":"center center","background-size":"auto","background-attachment":"scroll","background-type":"","background-media":"","overlay-type":"","overlay-color":"","overlay-opacity":"","overlay-gradient":""},"tablet":{"background-color":"","background-image":"","background-repeat":"repeat","background-position":"center center","background-size":"auto","background-attachment":"scroll","background-type":"","background-media":"","overlay-type":"","overlay-color":"","overlay-opacity":"","overlay-gradient":""},"mobile":{"background-color":"","background-image":"","background-repeat":"repeat","background-position":"center center","background-size":"auto","background-attachment":"scroll","background-type":"","background-media":"","overlay-type":"","overlay-color":"","overlay-opacity":"","overlay-gradient":""}},"ast-content-background-meta":{"desktop":{"background-color":"var(--ast-global-color-5)","background-image":"","background-repeat":"repeat","background-position":"center center","background-size":"auto","background-attachment":"scroll","background-type":"","background-media":"","overlay-type":"","overlay-color":"","overlay-opacity":"","overlay-gradient":""},"tablet":{"background-color":"var(--ast-global-color-5)","background-image":"","background-repeat":"repeat","background-position":"center center","background-size":"auto","background-attachment":"scroll","background-type":"","background-media":"","overlay-type":"","overlay-color":"","overlay-opacity":"","overlay-gradient":""},"mobile":{"background-color":"var(--ast-global-color-5)","background-image":"","background-repeat":"repeat","background-position":"center center","background-size":"auto","background-attachment":"scroll","background-type":"","background-media":"","overlay-type":"","overlay-color":"","overlay-opacity":"","overlay-gradient":""}},"footnotes":""},"categories":[3,2],"tags":[],"class_list":["post-4120","post","type-post","status-publish","format-standard","hentry","category-i3","category-infantil"],"post_mailing_queue_ids":[],"_links":{"self":[{"href":"https:\/\/agora.xtec.cat\/ceipabatmarcet\/wp-json\/wp\/v2\/posts\/4120","targetHints":{"allow":["GET"]}}],"collection":[{"href":"https:\/\/agora.xtec.cat\/ceipabatmarcet\/wp-json\/wp\/v2\/posts"}],"about":[{"href":"https:\/\/agora.xtec.cat\/ceipabatmarcet\/wp-json\/wp\/v2\/types\/post"}],"author":[{"embeddable":true,"href":"https:\/\/agora.xtec.cat\/ceipabatmarcet\/wp-json\/wp\/v2\/users\/32"}],"replies":[{"embeddable":true,"href":"https:\/\/agora.xtec.cat\/ceipabatmarcet\/wp-json\/wp\/v2\/comments?post=4120"}],"version-history":[{"count":1,"href":"https:\/\/agora.xtec.cat\/ceipabatmarcet\/wp-json\/wp\/v2\/posts\/4120\/revisions"}],"predecessor-version":[{"id":4122,"href":"https:\/\/agora.xtec.cat\/ceipabatmarcet\/wp-json\/wp\/v2\/posts\/4120\/revisions\/4122"}],"wp:attachment":[{"href":"https:\/\/agora.xtec.cat\/ceipabatmarcet\/wp-json\/wp\/v2\/media?parent=4120"}],"wp:term":[{"taxonomy":"category","embeddable":true,"href":"https:\/\/agora.xtec.cat\/ceipabatmarcet\/wp-json\/wp\/v2\/categories?post=4120"},{"taxonomy":"post_tag","embeddable":true,"href":"https:\/\/agora.xtec.cat\/ceipabatmarcet\/wp-json\/wp\/v2\/tags?post=4120"}],"curies":[{"name":"wp","href":"https:\/\/api.w.org\/{rel}","templated":true}]}}