{"id":3875,"date":"2018-12-03T10:01:11","date_gmt":"2018-12-03T09:01:11","guid":{"rendered":"http:\/\/agora.xtec.cat\/ceipabatmarcet\/?p=3875"},"modified":"2018-12-10T10:24:25","modified_gmt":"2018-12-10T09:24:25","slug":"presentacio-cmiat","status":"publish","type":"post","link":"https:\/\/agora.xtec.cat\/ceipabatmarcet\/portada\/presentacio-cmiat\/","title":{"rendered":"Presentaci\u00f3 del Consell Municipal de la Inf\u00e0ncia i  Adolesc\u00e8ncia de Terrassa"},"content":{"rendered":"<p><span style=\"color: #008000;\">Ahir, diumenge 2 de desembre va ser l&#8217;acte oficial de presentaci\u00f3 del CMIAT (<strong>Consell Municipal de la Inf\u00e0ncia i<\/strong> <strong>Adolesc\u00e8ncia de\u00a0<em>Terrassa) . <\/em><\/strong><span style=\"color: #993300;\"><em>Hi van participar els nostres representants, conseller i consellera de 6\u00e8 de prim\u00e0ria!<\/em><\/span><\/span><\/p>\n<p><a href=\"https:\/\/photos.app.goo.gl\/R4Ygs6tKRpUvGjGD6\"><img loading=\"lazy\" decoding=\"async\" class=\"aligncenter wp-image-3876 size-medium\" src=\"https:\/\/agora.xtec.cat\/ceipabatmarcet\/wp-content\/uploads\/usu1494\/2018\/12\/CMIAT-COLLAGE-300x300.jpg\" alt=\"\" width=\"300\" height=\"300\" srcset=\"https:\/\/agora.xtec.cat\/ceipabatmarcet\/wp-content\/uploads\/usu1494\/2018\/12\/CMIAT-COLLAGE-300x300.jpg 300w, https:\/\/agora.xtec.cat\/ceipabatmarcet\/wp-content\/uploads\/usu1494\/2018\/12\/CMIAT-COLLAGE-150x150.jpg 150w, https:\/\/agora.xtec.cat\/ceipabatmarcet\/wp-content\/uploads\/usu1494\/2018\/12\/CMIAT-COLLAGE-768x768.jpg 768w, https:\/\/agora.xtec.cat\/ceipabatmarcet\/wp-content\/uploads\/usu1494\/2018\/12\/CMIAT-COLLAGE.jpg 1012w\" sizes=\"auto, (max-width: 300px) 100vw, 300px\" \/><\/a><\/p>\n<p><a href=\"https:\/\/elmon.cat\/monterrassa\/societat\/presentacio-del-consell-infancia-ladolescencia-terrassa\">https:\/\/elmon.cat\/monterrassa\/societat\/presentacio-del-consell-infancia-ladolescencia-terrassa<\/a><\/p>\n<p><a href=\"http:\/\/www.diarideterrassa.es\/terrassa\/2018\/12\/03\/presentacion-consell-municipal-infancia-i\/98558.html\">http:\/\/www.diarideterrassa.es\/terrassa\/2018\/12\/03\/presentacion-consell-municipal-infancia-i\/98558.html<\/a><\/p>\n<div class=\"yj6qo\"><\/div>\n","protected":false},"excerpt":{"rendered":"<p>Ahir, diumenge 2 de desembre va ser l&#8217;acte oficial de presentaci\u00f3 del CMIAT (Consell Municipal de la Inf\u00e0ncia i Adolesc\u00e8ncia de\u00a0Terrassa) . Hi van participar els nostres representants, conseller i consellera de 6\u00e8 de prim\u00e0ria! https:\/\/elmon.cat\/monterrassa\/societat\/presentacio-del-consell-infancia-ladolescencia-terrassa http:\/\/www.diarideterrassa.es\/terrassa\/2018\/12\/03\/presentacion-consell-municipal-infancia-i\/98558.html<\/p>\n","protected":false},"author":1,"featured_media":0,"comment_status":"open","ping_status":"closed","sticky":false,"template":"","format":"standard","meta":{"_bbp_topic_count":0,"_bbp_reply_count":0,"_bbp_total_topic_count":0,"_bbp_total_reply_count":0,"_bbp_voice_count":0,"_bbp_anonymous_reply_count":0,"_bbp_topic_count_hidden":0,"_bbp_reply_count_hidden":0,"_bbp_forum_subforum_count":0,"site-sidebar-layout":"default","site-content-layout":"","ast-site-content-layout":"","site-content-style":"default","site-sidebar-style":"default","ast-global-header-display":"","ast-banner-title-visibility":"","ast-main-header-display":"","ast-hfb-above-header-display":"","ast-hfb-below-header-display":"","ast-hfb-mobile-header-display":"","site-post-title":"","ast-breadcrumbs-content":"","ast-featured-img":"","footer-sml-layout":"","theme-transparent-header-meta":"","adv-header-id-meta":"","stick-header-meta":"","header-above-stick-meta":"","header-main-stick-meta":"","header-below-stick-meta":"","astra-migrate-meta-layouts":"default","ast-page-background-enabled":"default","ast-page-background-meta":{"desktop":{"background-color":"var(--ast-global-color-4)","background-image":"","background-repeat":"repeat","background-position":"center center","background-size":"auto","background-attachment":"scroll","background-type":"","background-media":"","overlay-type":"","overlay-color":"","overlay-opacity":"","overlay-gradient":""},"tablet":{"background-color":"","background-image":"","background-repeat":"repeat","background-position":"center center","background-size":"auto","background-attachment":"scroll","background-type":"","background-media":"","overlay-type":"","overlay-color":"","overlay-opacity":"","overlay-gradient":""},"mobile":{"background-color":"","background-image":"","background-repeat":"repeat","background-position":"center center","background-size":"auto","background-attachment":"scroll","background-type":"","background-media":"","overlay-type":"","overlay-color":"","overlay-opacity":"","overlay-gradient":""}},"ast-content-background-meta":{"desktop":{"background-color":"var(--ast-global-color-5)","background-image":"","background-repeat":"repeat","background-position":"center center","background-size":"auto","background-attachment":"scroll","background-type":"","background-media":"","overlay-type":"","overlay-color":"","overlay-opacity":"","overlay-gradient":""},"tablet":{"background-color":"var(--ast-global-color-5)","background-image":"","background-repeat":"repeat","background-position":"center center","background-size":"auto","background-attachment":"scroll","background-type":"","background-media":"","overlay-type":"","overlay-color":"","overlay-opacity":"","overlay-gradient":""},"mobile":{"background-color":"var(--ast-global-color-5)","background-image":"","background-repeat":"repeat","background-position":"center center","background-size":"auto","background-attachment":"scroll","background-type":"","background-media":"","overlay-type":"","overlay-color":"","overlay-opacity":"","overlay-gradient":""}},"footnotes":""},"categories":[15,4],"tags":[117],"class_list":["post-3875","post","type-post","status-publish","format-standard","hentry","category-6e","category-portada","tag-consell-municipal"],"post_mailing_queue_ids":[],"_links":{"self":[{"href":"https:\/\/agora.xtec.cat\/ceipabatmarcet\/wp-json\/wp\/v2\/posts\/3875","targetHints":{"allow":["GET"]}}],"collection":[{"href":"https:\/\/agora.xtec.cat\/ceipabatmarcet\/wp-json\/wp\/v2\/posts"}],"about":[{"href":"https:\/\/agora.xtec.cat\/ceipabatmarcet\/wp-json\/wp\/v2\/types\/post"}],"author":[{"embeddable":true,"href":"https:\/\/agora.xtec.cat\/ceipabatmarcet\/wp-json\/wp\/v2\/users\/1"}],"replies":[{"embeddable":true,"href":"https:\/\/agora.xtec.cat\/ceipabatmarcet\/wp-json\/wp\/v2\/comments?post=3875"}],"version-history":[{"count":3,"href":"https:\/\/agora.xtec.cat\/ceipabatmarcet\/wp-json\/wp\/v2\/posts\/3875\/revisions"}],"predecessor-version":[{"id":3883,"href":"https:\/\/agora.xtec.cat\/ceipabatmarcet\/wp-json\/wp\/v2\/posts\/3875\/revisions\/3883"}],"wp:attachment":[{"href":"https:\/\/agora.xtec.cat\/ceipabatmarcet\/wp-json\/wp\/v2\/media?parent=3875"}],"wp:term":[{"taxonomy":"category","embeddable":true,"href":"https:\/\/agora.xtec.cat\/ceipabatmarcet\/wp-json\/wp\/v2\/categories?post=3875"},{"taxonomy":"post_tag","embeddable":true,"href":"https:\/\/agora.xtec.cat\/ceipabatmarcet\/wp-json\/wp\/v2\/tags?post=3875"}],"curies":[{"name":"wp","href":"https:\/\/api.w.org\/{rel}","templated":true}]}}