{"id":3719,"date":"2018-11-09T15:18:19","date_gmt":"2018-11-09T14:18:19","guid":{"rendered":"http:\/\/agora.xtec.cat\/ceipabatmarcet\/?p=3719"},"modified":"2018-11-09T15:18:19","modified_gmt":"2018-11-09T14:18:19","slug":"visitem-lexposicio-de-lartista-rosa-torres","status":"publish","type":"post","link":"https:\/\/agora.xtec.cat\/ceipabatmarcet\/primaria\/visitem-lexposicio-de-lartista-rosa-torres\/","title":{"rendered":"Visitem l&#8217;exposici\u00f3 de l&#8217;artista Rosa Torres."},"content":{"rendered":"<p>El dilluns 5 de novembre, les classes dels cient\u00edfics ( 4t A) i la del mon (4t B), vam visitar l&#8217;exposici\u00f3 de l&#8217;artista Rosa Torres &#8220;l&#8217;harmonia dels colors&#8221;. All\u00e0 vam poder con\u00e8ixer l&#8217;obra d&#8217;aquesta artista valenciana, i despr\u00e9s vam fer una activitat aplicant tot el que hav\u00edem apr\u00e8s, i dibuixant un paisatge a l&#8217;estil de la Rosa. Aqu\u00ed podeu veure algunes fotos. Ens va agradar molt !<\/p>\n<p><a href=\"https:\/\/photos.app.goo.gl\/UuaKRSdZw3yz4Yp49\"><img loading=\"lazy\" decoding=\"async\" class=\"wp-image-3726 aligncenter\" src=\"https:\/\/agora.xtec.cat\/ceipabatmarcet\/wp-content\/uploads\/usu1494\/2018\/11\/IMG-20181107-WA0045-2-575x1024.jpg\" alt=\"\" width=\"181\" height=\"322\" srcset=\"https:\/\/agora.xtec.cat\/ceipabatmarcet\/wp-content\/uploads\/usu1494\/2018\/11\/IMG-20181107-WA0045-2-575x1024.jpg 575w, https:\/\/agora.xtec.cat\/ceipabatmarcet\/wp-content\/uploads\/usu1494\/2018\/11\/IMG-20181107-WA0045-2-168x300.jpg 168w, https:\/\/agora.xtec.cat\/ceipabatmarcet\/wp-content\/uploads\/usu1494\/2018\/11\/IMG-20181107-WA0045-2-768x1368.jpg 768w, https:\/\/agora.xtec.cat\/ceipabatmarcet\/wp-content\/uploads\/usu1494\/2018\/11\/IMG-20181107-WA0045-2.jpg 898w\" sizes=\"auto, (max-width: 181px) 100vw, 181px\" \/><\/a><\/p>\n","protected":false},"excerpt":{"rendered":"<p>El dilluns 5 de novembre, les classes dels cient\u00edfics ( 4t A) i la del mon (4t B), vam visitar l&#8217;exposici\u00f3 de l&#8217;artista Rosa Torres &#8220;l&#8217;harmonia dels colors&#8221;. All\u00e0 vam poder con\u00e8ixer l&#8217;obra d&#8217;aquesta artista valenciana, i despr\u00e9s vam fer una activitat aplicant tot el que hav\u00edem apr\u00e8s, i dibuixant un paisatge a l&#8217;estil de [&hellip;]<\/p>\n","protected":false},"author":30,"featured_media":0,"comment_status":"open","ping_status":"closed","sticky":false,"template":"","format":"standard","meta":{"_bbp_topic_count":0,"_bbp_reply_count":0,"_bbp_total_topic_count":0,"_bbp_total_reply_count":0,"_bbp_voice_count":0,"_bbp_anonymous_reply_count":0,"_bbp_topic_count_hidden":0,"_bbp_reply_count_hidden":0,"_bbp_forum_subforum_count":0,"site-sidebar-layout":"default","site-content-layout":"","ast-site-content-layout":"","site-content-style":"default","site-sidebar-style":"default","ast-global-header-display":"","ast-banner-title-visibility":"","ast-main-header-display":"","ast-hfb-above-header-display":"","ast-hfb-below-header-display":"","ast-hfb-mobile-header-display":"","site-post-title":"","ast-breadcrumbs-content":"","ast-featured-img":"","footer-sml-layout":"","theme-transparent-header-meta":"","adv-header-id-meta":"","stick-header-meta":"","header-above-stick-meta":"","header-main-stick-meta":"","header-below-stick-meta":"","astra-migrate-meta-layouts":"default","ast-page-background-enabled":"default","ast-page-background-meta":{"desktop":{"background-color":"var(--ast-global-color-4)","background-image":"","background-repeat":"repeat","background-position":"center center","background-size":"auto","background-attachment":"scroll","background-type":"","background-media":"","overlay-type":"","overlay-color":"","overlay-opacity":"","overlay-gradient":""},"tablet":{"background-color":"","background-image":"","background-repeat":"repeat","background-position":"center center","background-size":"auto","background-attachment":"scroll","background-type":"","background-media":"","overlay-type":"","overlay-color":"","overlay-opacity":"","overlay-gradient":""},"mobile":{"background-color":"","background-image":"","background-repeat":"repeat","background-position":"center center","background-size":"auto","background-attachment":"scroll","background-type":"","background-media":"","overlay-type":"","overlay-color":"","overlay-opacity":"","overlay-gradient":""}},"ast-content-background-meta":{"desktop":{"background-color":"var(--ast-global-color-5)","background-image":"","background-repeat":"repeat","background-position":"center center","background-size":"auto","background-attachment":"scroll","background-type":"","background-media":"","overlay-type":"","overlay-color":"","overlay-opacity":"","overlay-gradient":""},"tablet":{"background-color":"var(--ast-global-color-5)","background-image":"","background-repeat":"repeat","background-position":"center center","background-size":"auto","background-attachment":"scroll","background-type":"","background-media":"","overlay-type":"","overlay-color":"","overlay-opacity":"","overlay-gradient":""},"mobile":{"background-color":"var(--ast-global-color-5)","background-image":"","background-repeat":"repeat","background-position":"center center","background-size":"auto","background-attachment":"scroll","background-type":"","background-media":"","overlay-type":"","overlay-color":"","overlay-opacity":"","overlay-gradient":""}},"footnotes":""},"categories":[13,5],"tags":[],"class_list":["post-3719","post","type-post","status-publish","format-standard","hentry","category-4t","category-primaria"],"post_mailing_queue_ids":[],"_links":{"self":[{"href":"https:\/\/agora.xtec.cat\/ceipabatmarcet\/wp-json\/wp\/v2\/posts\/3719","targetHints":{"allow":["GET"]}}],"collection":[{"href":"https:\/\/agora.xtec.cat\/ceipabatmarcet\/wp-json\/wp\/v2\/posts"}],"about":[{"href":"https:\/\/agora.xtec.cat\/ceipabatmarcet\/wp-json\/wp\/v2\/types\/post"}],"author":[{"embeddable":true,"href":"https:\/\/agora.xtec.cat\/ceipabatmarcet\/wp-json\/wp\/v2\/users\/30"}],"replies":[{"embeddable":true,"href":"https:\/\/agora.xtec.cat\/ceipabatmarcet\/wp-json\/wp\/v2\/comments?post=3719"}],"version-history":[{"count":2,"href":"https:\/\/agora.xtec.cat\/ceipabatmarcet\/wp-json\/wp\/v2\/posts\/3719\/revisions"}],"predecessor-version":[{"id":3727,"href":"https:\/\/agora.xtec.cat\/ceipabatmarcet\/wp-json\/wp\/v2\/posts\/3719\/revisions\/3727"}],"wp:attachment":[{"href":"https:\/\/agora.xtec.cat\/ceipabatmarcet\/wp-json\/wp\/v2\/media?parent=3719"}],"wp:term":[{"taxonomy":"category","embeddable":true,"href":"https:\/\/agora.xtec.cat\/ceipabatmarcet\/wp-json\/wp\/v2\/categories?post=3719"},{"taxonomy":"post_tag","embeddable":true,"href":"https:\/\/agora.xtec.cat\/ceipabatmarcet\/wp-json\/wp\/v2\/tags?post=3719"}],"curies":[{"name":"wp","href":"https:\/\/api.w.org\/{rel}","templated":true}]}}