{"id":3469,"date":"2018-10-22T17:53:11","date_gmt":"2018-10-22T15:53:11","guid":{"rendered":"http:\/\/agora.xtec.cat\/ceipabatmarcet\/?p=3469"},"modified":"2018-10-22T18:26:26","modified_gmt":"2018-10-22T16:26:26","slug":"lexcursio-de-lampa-va-anar-molt-be","status":"publish","type":"post","link":"https:\/\/agora.xtec.cat\/ceipabatmarcet\/general\/lexcursio-de-lampa-va-anar-molt-be\/","title":{"rendered":"L&#8217;excursi\u00f3 de l&#8217;AMPA va anar molt b\u00e9!"},"content":{"rendered":"<p>Diumenge vam passar una agradable jornada envoltats de natura. Gaudint dels paisatges del Parc Natural de la Serra de l&#8217;Obac i acompanyats tota l&#8217;estona per un sol espl\u00e8ndid, vam caminar fins arribar al curi\u00f3s indret anomenat Les Forades. Petites per\u00f2 interessants coves, on els nens i les nenes equipats amb unes bones llums van poder explorar tots els seus racons. Van descobrir petites figures, estalactites, i el petit laberint.<\/p>\n<p>En aquest enlla\u00e7 us deixem el recull de fotos:<\/p>\n<p><a href=\"https:\/\/photos.app.goo.gl\/AgdUViTCNg6H647a8\">https:\/\/photos.app.goo.gl\/AgdUViTCNg6H647a8<\/a><\/p>\n<p><a href=\"https:\/\/agora.xtec.cat\/ceipabatmarcet\/wp-content\/uploads\/usu1494\/2018\/10\/foradades.jpg\"><img loading=\"lazy\" decoding=\"async\" class=\"alignnone size-large wp-image-3474\" src=\"https:\/\/agora.xtec.cat\/ceipabatmarcet\/wp-content\/uploads\/usu1494\/2018\/10\/foradades-1024x767.jpg\" alt=\"\" width=\"1024\" height=\"767\" srcset=\"https:\/\/agora.xtec.cat\/ceipabatmarcet\/wp-content\/uploads\/usu1494\/2018\/10\/foradades-1024x767.jpg 1024w, https:\/\/agora.xtec.cat\/ceipabatmarcet\/wp-content\/uploads\/usu1494\/2018\/10\/foradades-300x225.jpg 300w, https:\/\/agora.xtec.cat\/ceipabatmarcet\/wp-content\/uploads\/usu1494\/2018\/10\/foradades-768x575.jpg 768w, https:\/\/agora.xtec.cat\/ceipabatmarcet\/wp-content\/uploads\/usu1494\/2018\/10\/foradades-200x150.jpg 200w, https:\/\/agora.xtec.cat\/ceipabatmarcet\/wp-content\/uploads\/usu1494\/2018\/10\/foradades.jpg 1144w\" sizes=\"auto, (max-width: 1024px) 100vw, 1024px\" \/><\/a><\/p>\n","protected":false},"excerpt":{"rendered":"<p>Diumenge vam passar una agradable jornada envoltats de natura. Gaudint dels paisatges del Parc Natural de la Serra de l&#8217;Obac i acompanyats tota l&#8217;estona per un sol espl\u00e8ndid, vam caminar fins arribar al curi\u00f3s indret anomenat Les Forades. Petites per\u00f2 interessants coves, on els nens i les nenes equipats amb unes bones llums van poder [&hellip;]<\/p>\n","protected":false},"author":40,"featured_media":0,"comment_status":"open","ping_status":"closed","sticky":false,"template":"","format":"standard","meta":{"_bbp_topic_count":0,"_bbp_reply_count":0,"_bbp_total_topic_count":0,"_bbp_total_reply_count":0,"_bbp_voice_count":0,"_bbp_anonymous_reply_count":0,"_bbp_topic_count_hidden":0,"_bbp_reply_count_hidden":0,"_bbp_forum_subforum_count":0,"site-sidebar-layout":"default","site-content-layout":"","ast-site-content-layout":"","site-content-style":"default","site-sidebar-style":"default","ast-global-header-display":"","ast-banner-title-visibility":"","ast-main-header-display":"","ast-hfb-above-header-display":"","ast-hfb-below-header-display":"","ast-hfb-mobile-header-display":"","site-post-title":"","ast-breadcrumbs-content":"","ast-featured-img":"","footer-sml-layout":"","theme-transparent-header-meta":"","adv-header-id-meta":"","stick-header-meta":"","header-above-stick-meta":"","header-main-stick-meta":"","header-below-stick-meta":"","astra-migrate-meta-layouts":"default","ast-page-background-enabled":"default","ast-page-background-meta":{"desktop":{"background-color":"var(--ast-global-color-4)","background-image":"","background-repeat":"repeat","background-position":"center center","background-size":"auto","background-attachment":"scroll","background-type":"","background-media":"","overlay-type":"","overlay-color":"","overlay-opacity":"","overlay-gradient":""},"tablet":{"background-color":"","background-image":"","background-repeat":"repeat","background-position":"center center","background-size":"auto","background-attachment":"scroll","background-type":"","background-media":"","overlay-type":"","overlay-color":"","overlay-opacity":"","overlay-gradient":""},"mobile":{"background-color":"","background-image":"","background-repeat":"repeat","background-position":"center center","background-size":"auto","background-attachment":"scroll","background-type":"","background-media":"","overlay-type":"","overlay-color":"","overlay-opacity":"","overlay-gradient":""}},"ast-content-background-meta":{"desktop":{"background-color":"var(--ast-global-color-5)","background-image":"","background-repeat":"repeat","background-position":"center center","background-size":"auto","background-attachment":"scroll","background-type":"","background-media":"","overlay-type":"","overlay-color":"","overlay-opacity":"","overlay-gradient":""},"tablet":{"background-color":"var(--ast-global-color-5)","background-image":"","background-repeat":"repeat","background-position":"center center","background-size":"auto","background-attachment":"scroll","background-type":"","background-media":"","overlay-type":"","overlay-color":"","overlay-opacity":"","overlay-gradient":""},"mobile":{"background-color":"var(--ast-global-color-5)","background-image":"","background-repeat":"repeat","background-position":"center center","background-size":"auto","background-attachment":"scroll","background-type":"","background-media":"","overlay-type":"","overlay-color":"","overlay-opacity":"","overlay-gradient":""}},"footnotes":""},"categories":[79,1,4],"tags":[],"class_list":["post-3469","post","type-post","status-publish","format-standard","hentry","category-afa","category-general","category-portada"],"post_mailing_queue_ids":[],"_links":{"self":[{"href":"https:\/\/agora.xtec.cat\/ceipabatmarcet\/wp-json\/wp\/v2\/posts\/3469","targetHints":{"allow":["GET"]}}],"collection":[{"href":"https:\/\/agora.xtec.cat\/ceipabatmarcet\/wp-json\/wp\/v2\/posts"}],"about":[{"href":"https:\/\/agora.xtec.cat\/ceipabatmarcet\/wp-json\/wp\/v2\/types\/post"}],"author":[{"embeddable":true,"href":"https:\/\/agora.xtec.cat\/ceipabatmarcet\/wp-json\/wp\/v2\/users\/40"}],"replies":[{"embeddable":true,"href":"https:\/\/agora.xtec.cat\/ceipabatmarcet\/wp-json\/wp\/v2\/comments?post=3469"}],"version-history":[{"count":4,"href":"https:\/\/agora.xtec.cat\/ceipabatmarcet\/wp-json\/wp\/v2\/posts\/3469\/revisions"}],"predecessor-version":[{"id":3482,"href":"https:\/\/agora.xtec.cat\/ceipabatmarcet\/wp-json\/wp\/v2\/posts\/3469\/revisions\/3482"}],"wp:attachment":[{"href":"https:\/\/agora.xtec.cat\/ceipabatmarcet\/wp-json\/wp\/v2\/media?parent=3469"}],"wp:term":[{"taxonomy":"category","embeddable":true,"href":"https:\/\/agora.xtec.cat\/ceipabatmarcet\/wp-json\/wp\/v2\/categories?post=3469"},{"taxonomy":"post_tag","embeddable":true,"href":"https:\/\/agora.xtec.cat\/ceipabatmarcet\/wp-json\/wp\/v2\/tags?post=3469"}],"curies":[{"name":"wp","href":"https:\/\/api.w.org\/{rel}","templated":true}]}}