{"id":3126,"date":"2018-06-22T18:51:18","date_gmt":"2018-06-22T16:51:18","guid":{"rendered":"http:\/\/agora.xtec.cat\/ceipabatmarcet\/?p=3126"},"modified":"2018-06-24T18:54:49","modified_gmt":"2018-06-24T16:54:49","slug":"estiu-2018","status":"publish","type":"post","link":"https:\/\/agora.xtec.cat\/ceipabatmarcet\/primaria\/6e\/estiu-2018\/","title":{"rendered":"Estiu 2018"},"content":{"rendered":"<h6>Hola nois i noies de 6\u00e8!<\/h6>\n<h6>Ja hem arribat a final de curs! Quan ens vam trobar al setembre, semblava molt lluny\u00e0 el mes de juny, per\u00f2 finalment ja ha arribat!<\/h6>\n<h6>Els mestres que us hem acompanyat aquest darrer curs us volem desitjar un bon estiu i un bon inici de curs a la nova etapa que iniciareu a Secund\u00e0ria.<\/h6>\n<h6>Des de l\u2019escola us volem proposar per aquest estiu unes quantes activitats de refor\u00e7 que hem incorporat al bloc al llarg del curs perqu\u00e8 pugueu repassar els continguts treballats i aix\u00ed continuar preparant-vos pel curs vinent.<\/h6>\n<h6>Esperem que gaudiu de l\u2019estiu i agafeu forces per arribar a Secund\u00e0ria amb moltes ganes de seguir aprenent i con\u00e8ixer nous amics i amigues.<\/h6>\n<h6>Fins aviat,<\/h6>\n<h5>Manolo\u00a0 i Mari<img loading=\"lazy\" decoding=\"async\" class=\"wp-image-678 alignright\" src=\"http:\/\/blocs.xtec.cat\/siseramonycajal\/files\/2012\/06\/mafalda-300x184.jpg\" alt=\"\" width=\"318\" height=\"195\" \/><\/h5>\n<h5><\/h5>\n<p>&nbsp;<\/p>\n<h5><a href=\"https:\/\/drive.google.com\/file\/d\/0B57QluFG4yyJMDVMbGwtdm93WWs\/view?usp=sharing\">Recursos de lleng\u00fces<\/a><\/h5>\n<h5><a href=\"https:\/\/drive.google.com\/file\/d\/0B57QluFG4yyJcXM1aHY4N1gtS2M\/view?usp=sharing\">Recursos de matem\u00e0tiques<\/a><\/h5>\n<p><!-- .entry-content --><\/p>\n<div class=\"entry-utility\"><\/div>\n","protected":false},"excerpt":{"rendered":"<p>Hola nois i noies de 6\u00e8! Ja hem arribat a final de curs! Quan ens vam trobar al setembre, semblava molt lluny\u00e0 el mes de juny, per\u00f2 finalment ja ha arribat! Els mestres que us hem acompanyat aquest darrer curs us volem desitjar un bon estiu i un bon inici de curs a la nova [&hellip;]<\/p>\n","protected":false},"author":1,"featured_media":0,"comment_status":"open","ping_status":"closed","sticky":false,"template":"","format":"standard","meta":{"_bbp_topic_count":0,"_bbp_reply_count":0,"_bbp_total_topic_count":0,"_bbp_total_reply_count":0,"_bbp_voice_count":0,"_bbp_anonymous_reply_count":0,"_bbp_topic_count_hidden":0,"_bbp_reply_count_hidden":0,"_bbp_forum_subforum_count":0,"site-sidebar-layout":"default","site-content-layout":"","ast-site-content-layout":"","site-content-style":"default","site-sidebar-style":"default","ast-global-header-display":"","ast-banner-title-visibility":"","ast-main-header-display":"","ast-hfb-above-header-display":"","ast-hfb-below-header-display":"","ast-hfb-mobile-header-display":"","site-post-title":"","ast-breadcrumbs-content":"","ast-featured-img":"","footer-sml-layout":"","theme-transparent-header-meta":"","adv-header-id-meta":"","stick-header-meta":"","header-above-stick-meta":"","header-main-stick-meta":"","header-below-stick-meta":"","astra-migrate-meta-layouts":"default","ast-page-background-enabled":"default","ast-page-background-meta":{"desktop":{"background-color":"var(--ast-global-color-4)","background-image":"","background-repeat":"repeat","background-position":"center center","background-size":"auto","background-attachment":"scroll","background-type":"","background-media":"","overlay-type":"","overlay-color":"","overlay-opacity":"","overlay-gradient":""},"tablet":{"background-color":"","background-image":"","background-repeat":"repeat","background-position":"center center","background-size":"auto","background-attachment":"scroll","background-type":"","background-media":"","overlay-type":"","overlay-color":"","overlay-opacity":"","overlay-gradient":""},"mobile":{"background-color":"","background-image":"","background-repeat":"repeat","background-position":"center center","background-size":"auto","background-attachment":"scroll","background-type":"","background-media":"","overlay-type":"","overlay-color":"","overlay-opacity":"","overlay-gradient":""}},"ast-content-background-meta":{"desktop":{"background-color":"var(--ast-global-color-5)","background-image":"","background-repeat":"repeat","background-position":"center center","background-size":"auto","background-attachment":"scroll","background-type":"","background-media":"","overlay-type":"","overlay-color":"","overlay-opacity":"","overlay-gradient":""},"tablet":{"background-color":"var(--ast-global-color-5)","background-image":"","background-repeat":"repeat","background-position":"center center","background-size":"auto","background-attachment":"scroll","background-type":"","background-media":"","overlay-type":"","overlay-color":"","overlay-opacity":"","overlay-gradient":""},"mobile":{"background-color":"var(--ast-global-color-5)","background-image":"","background-repeat":"repeat","background-position":"center center","background-size":"auto","background-attachment":"scroll","background-type":"","background-media":"","overlay-type":"","overlay-color":"","overlay-opacity":"","overlay-gradient":""}},"footnotes":""},"categories":[15],"tags":[],"class_list":["post-3126","post","type-post","status-publish","format-standard","hentry","category-6e"],"post_mailing_queue_ids":[],"_links":{"self":[{"href":"https:\/\/agora.xtec.cat\/ceipabatmarcet\/wp-json\/wp\/v2\/posts\/3126","targetHints":{"allow":["GET"]}}],"collection":[{"href":"https:\/\/agora.xtec.cat\/ceipabatmarcet\/wp-json\/wp\/v2\/posts"}],"about":[{"href":"https:\/\/agora.xtec.cat\/ceipabatmarcet\/wp-json\/wp\/v2\/types\/post"}],"author":[{"embeddable":true,"href":"https:\/\/agora.xtec.cat\/ceipabatmarcet\/wp-json\/wp\/v2\/users\/1"}],"replies":[{"embeddable":true,"href":"https:\/\/agora.xtec.cat\/ceipabatmarcet\/wp-json\/wp\/v2\/comments?post=3126"}],"version-history":[{"count":3,"href":"https:\/\/agora.xtec.cat\/ceipabatmarcet\/wp-json\/wp\/v2\/posts\/3126\/revisions"}],"predecessor-version":[{"id":3129,"href":"https:\/\/agora.xtec.cat\/ceipabatmarcet\/wp-json\/wp\/v2\/posts\/3126\/revisions\/3129"}],"wp:attachment":[{"href":"https:\/\/agora.xtec.cat\/ceipabatmarcet\/wp-json\/wp\/v2\/media?parent=3126"}],"wp:term":[{"taxonomy":"category","embeddable":true,"href":"https:\/\/agora.xtec.cat\/ceipabatmarcet\/wp-json\/wp\/v2\/categories?post=3126"},{"taxonomy":"post_tag","embeddable":true,"href":"https:\/\/agora.xtec.cat\/ceipabatmarcet\/wp-json\/wp\/v2\/tags?post=3126"}],"curies":[{"name":"wp","href":"https:\/\/api.w.org\/{rel}","templated":true}]}}