{"id":3089,"date":"2018-06-18T18:24:15","date_gmt":"2018-06-18T16:24:15","guid":{"rendered":"http:\/\/agora.xtec.cat\/ceipabatmarcet\/?p=3089"},"modified":"2018-06-18T18:24:44","modified_gmt":"2018-06-18T16:24:44","slug":"el-curs-sacaba-veniu-a-la-festa","status":"publish","type":"post","link":"https:\/\/agora.xtec.cat\/ceipabatmarcet\/general\/el-curs-sacaba-veniu-a-la-festa\/","title":{"rendered":"El curs s&#8217;acaba. Veniu a la festa!"},"content":{"rendered":"<div class=\"x_gmail_default\"><\/div>\n<div class=\"x_gmail_default\">Ja tenim aqui\u00a0final de curs i com cada any farem la festa per acomiadar-nos el proper 22 de Juny.<\/div>\n<div class=\"x_gmail_default\"><\/div>\n<div class=\"x_gmail_default\">\n<p>A partir a les 17h podrem gaudir dels inflables i els tallers, que aquest any estaran relacionats amb l&#8217;hort i el reciclatge.<\/p>\n<\/div>\n<div class=\"x_gmail_default\">\n<p>A les 18 hores hi haur\u00e0 l&#8217;actuaci\u00f3 del &#8220;Mag Diego&#8221; al gimn\u00e0s.<\/p>\n<\/div>\n<div class=\"x_gmail_default\">A les 20h finalitzaran les activitats per donar pas a la botifarrada que finalitzar\u00e0 a les 23h.<\/div>\n<div class=\"x_gmail_default\"><\/div>\n<div class=\"x_gmail_default\">Us esperem!<\/div>\n<div class=\"x_gmail_default\"><\/div>\n<div class=\"x_gmail_default\"><\/div>\n<div class=\"x_gmail_default\"><\/div>\n<div class=\"x_gmail_default\">.<a href=\"http:\/\/agora.xtec.cat\/ceipabatmarcet\/wp-content\/uploads\/usu1494\/2018\/06\/colage.jpg\"><img loading=\"lazy\" decoding=\"async\" class=\"alignnone size-full wp-image-3090\" src=\"http:\/\/agora.xtec.cat\/ceipabatmarcet\/wp-content\/uploads\/usu1494\/2018\/06\/colage.jpg\" alt=\"\" width=\"526\" height=\"527\" srcset=\"https:\/\/agora.xtec.cat\/ceipabatmarcet\/wp-content\/uploads\/usu1494\/2018\/06\/colage.jpg 526w, https:\/\/agora.xtec.cat\/ceipabatmarcet\/wp-content\/uploads\/usu1494\/2018\/06\/colage-150x150.jpg 150w, https:\/\/agora.xtec.cat\/ceipabatmarcet\/wp-content\/uploads\/usu1494\/2018\/06\/colage-300x300.jpg 300w\" sizes=\"auto, (max-width: 526px) 100vw, 526px\" \/><\/a><\/div>\n","protected":false},"excerpt":{"rendered":"<p>Ja tenim aqui\u00a0final de curs i com cada any farem la festa per acomiadar-nos el proper 22 de Juny. A partir a les 17h podrem gaudir dels inflables i els tallers, que aquest any estaran relacionats amb l&#8217;hort i el reciclatge. A les 18 hores hi haur\u00e0 l&#8217;actuaci\u00f3 del &#8220;Mag Diego&#8221; al gimn\u00e0s. A les [&hellip;]<\/p>\n","protected":false},"author":40,"featured_media":0,"comment_status":"open","ping_status":"closed","sticky":false,"template":"","format":"standard","meta":{"_bbp_topic_count":0,"_bbp_reply_count":0,"_bbp_total_topic_count":0,"_bbp_total_reply_count":0,"_bbp_voice_count":0,"_bbp_anonymous_reply_count":0,"_bbp_topic_count_hidden":0,"_bbp_reply_count_hidden":0,"_bbp_forum_subforum_count":0,"site-sidebar-layout":"default","site-content-layout":"","ast-site-content-layout":"","site-content-style":"default","site-sidebar-style":"default","ast-global-header-display":"","ast-banner-title-visibility":"","ast-main-header-display":"","ast-hfb-above-header-display":"","ast-hfb-below-header-display":"","ast-hfb-mobile-header-display":"","site-post-title":"","ast-breadcrumbs-content":"","ast-featured-img":"","footer-sml-layout":"","theme-transparent-header-meta":"","adv-header-id-meta":"","stick-header-meta":"","header-above-stick-meta":"","header-main-stick-meta":"","header-below-stick-meta":"","astra-migrate-meta-layouts":"default","ast-page-background-enabled":"default","ast-page-background-meta":{"desktop":{"background-color":"var(--ast-global-color-4)","background-image":"","background-repeat":"repeat","background-position":"center center","background-size":"auto","background-attachment":"scroll","background-type":"","background-media":"","overlay-type":"","overlay-color":"","overlay-opacity":"","overlay-gradient":""},"tablet":{"background-color":"","background-image":"","background-repeat":"repeat","background-position":"center center","background-size":"auto","background-attachment":"scroll","background-type":"","background-media":"","overlay-type":"","overlay-color":"","overlay-opacity":"","overlay-gradient":""},"mobile":{"background-color":"","background-image":"","background-repeat":"repeat","background-position":"center center","background-size":"auto","background-attachment":"scroll","background-type":"","background-media":"","overlay-type":"","overlay-color":"","overlay-opacity":"","overlay-gradient":""}},"ast-content-background-meta":{"desktop":{"background-color":"var(--ast-global-color-5)","background-image":"","background-repeat":"repeat","background-position":"center center","background-size":"auto","background-attachment":"scroll","background-type":"","background-media":"","overlay-type":"","overlay-color":"","overlay-opacity":"","overlay-gradient":""},"tablet":{"background-color":"var(--ast-global-color-5)","background-image":"","background-repeat":"repeat","background-position":"center center","background-size":"auto","background-attachment":"scroll","background-type":"","background-media":"","overlay-type":"","overlay-color":"","overlay-opacity":"","overlay-gradient":""},"mobile":{"background-color":"var(--ast-global-color-5)","background-image":"","background-repeat":"repeat","background-position":"center center","background-size":"auto","background-attachment":"scroll","background-type":"","background-media":"","overlay-type":"","overlay-color":"","overlay-opacity":"","overlay-gradient":""}},"footnotes":""},"categories":[79,1,4],"tags":[],"class_list":["post-3089","post","type-post","status-publish","format-standard","hentry","category-afa","category-general","category-portada"],"post_mailing_queue_ids":[],"_links":{"self":[{"href":"https:\/\/agora.xtec.cat\/ceipabatmarcet\/wp-json\/wp\/v2\/posts\/3089","targetHints":{"allow":["GET"]}}],"collection":[{"href":"https:\/\/agora.xtec.cat\/ceipabatmarcet\/wp-json\/wp\/v2\/posts"}],"about":[{"href":"https:\/\/agora.xtec.cat\/ceipabatmarcet\/wp-json\/wp\/v2\/types\/post"}],"author":[{"embeddable":true,"href":"https:\/\/agora.xtec.cat\/ceipabatmarcet\/wp-json\/wp\/v2\/users\/40"}],"replies":[{"embeddable":true,"href":"https:\/\/agora.xtec.cat\/ceipabatmarcet\/wp-json\/wp\/v2\/comments?post=3089"}],"version-history":[{"count":2,"href":"https:\/\/agora.xtec.cat\/ceipabatmarcet\/wp-json\/wp\/v2\/posts\/3089\/revisions"}],"predecessor-version":[{"id":3092,"href":"https:\/\/agora.xtec.cat\/ceipabatmarcet\/wp-json\/wp\/v2\/posts\/3089\/revisions\/3092"}],"wp:attachment":[{"href":"https:\/\/agora.xtec.cat\/ceipabatmarcet\/wp-json\/wp\/v2\/media?parent=3089"}],"wp:term":[{"taxonomy":"category","embeddable":true,"href":"https:\/\/agora.xtec.cat\/ceipabatmarcet\/wp-json\/wp\/v2\/categories?post=3089"},{"taxonomy":"post_tag","embeddable":true,"href":"https:\/\/agora.xtec.cat\/ceipabatmarcet\/wp-json\/wp\/v2\/tags?post=3089"}],"curies":[{"name":"wp","href":"https:\/\/api.w.org\/{rel}","templated":true}]}}