{"id":3061,"date":"2018-06-05T11:59:08","date_gmt":"2018-06-05T09:59:08","guid":{"rendered":"http:\/\/agora.xtec.cat\/ceipabatmarcet\/?p=3061"},"modified":"2018-06-05T12:17:23","modified_gmt":"2018-06-05T10:17:23","slug":"recull-de-contes-dantics-alumnes","status":"publish","type":"post","link":"https:\/\/agora.xtec.cat\/ceipabatmarcet\/portada\/recull-de-contes-dantics-alumnes\/","title":{"rendered":"Recull de contes d&#8217;antics alumnes"},"content":{"rendered":"<p><a href=\"http:\/\/agora.xtec.cat\/ceipabatmarcet\/wp-content\/uploads\/usu1494\/2018\/06\/Captura-de-pantalla-2018-05-13-a-las-20.39.39-e1526237389873.png\"><img loading=\"lazy\" decoding=\"async\" class=\"aligncenter wp-image-3062 size-full\" src=\"http:\/\/agora.xtec.cat\/ceipabatmarcet\/wp-content\/uploads\/usu1494\/2018\/06\/Captura-de-pantalla-2018-05-13-a-las-20.39.39-e1526237389873.png\" alt=\"\" width=\"262\" height=\"345\" srcset=\"https:\/\/agora.xtec.cat\/ceipabatmarcet\/wp-content\/uploads\/usu1494\/2018\/06\/Captura-de-pantalla-2018-05-13-a-las-20.39.39-e1526237389873.png 262w, https:\/\/agora.xtec.cat\/ceipabatmarcet\/wp-content\/uploads\/usu1494\/2018\/06\/Captura-de-pantalla-2018-05-13-a-las-20.39.39-e1526237389873-228x300.png 228w\" sizes=\"auto, (max-width: 262px) 100vw, 262px\" \/><\/a><\/p>\n<p><span style=\"color: #008000;\"><span style=\"font-family: Arial;\"><span style=\"font-size: medium;\">El seg\u00fcent document\u00a0 \u00e9s un recull de contes infantils escrits per alumnes de <\/span><\/span><span style=\"font-size: medium;\">segon d&#8217;ESO de l&#8217;INS Torre del Palau, alguns d&#8217;ells antics alumnes de la nostra escola:<\/span><\/span><\/p>\n<p><a href=\"http:\/\/agora.xtec.cat\/ceipabatmarcet\/wp-content\/uploads\/usu1494\/2018\/06\/MUJERES-CON-HISTORIA.pdf\">MUJERES CON HISTORIA pdf<\/a><\/p>\n<p><span style=\"font-size: medium; color: #008000;\">Amb motiu del\u00a0<i>Dia Internacional de la Dona<\/i>, l&#8217;alumnat va elaborar en l&#8217;assignatura de castell\u00e0 una s\u00e8rie de contes basats en la vida dones que els havien resultat inspiradores, ja fos perqu\u00e8 els interessava all\u00f2 a qu\u00e8 es dedicaven, o\u00a0b\u00e9\u00a0perqu\u00e8 destacaven en els seus camps d&#8217;estudi i de treball o havien dut a terme accions per millorar la societat i les nostres vides.<\/span><\/p>\n<p><span style=\"font-size: medium; color: #008000;\">Els contes els van fer pensant que els destinataris d&#8217;aquestes hist\u00f2ries serien els companys de la seva anterior escola.<\/span><\/p>\n","protected":false},"excerpt":{"rendered":"<p>El seg\u00fcent document\u00a0 \u00e9s un recull de contes infantils escrits per alumnes de segon d&#8217;ESO de l&#8217;INS Torre del Palau, alguns d&#8217;ells antics alumnes de la nostra escola: MUJERES CON HISTORIA pdf Amb motiu del\u00a0Dia Internacional de la Dona, l&#8217;alumnat va elaborar en l&#8217;assignatura de castell\u00e0 una s\u00e8rie de contes basats en la vida dones [&hellip;]<\/p>\n","protected":false},"author":1,"featured_media":3062,"comment_status":"open","ping_status":"closed","sticky":false,"template":"","format":"standard","meta":{"_bbp_topic_count":0,"_bbp_reply_count":0,"_bbp_total_topic_count":0,"_bbp_total_reply_count":0,"_bbp_voice_count":0,"_bbp_anonymous_reply_count":0,"_bbp_topic_count_hidden":0,"_bbp_reply_count_hidden":0,"_bbp_forum_subforum_count":0,"site-sidebar-layout":"default","site-content-layout":"","ast-site-content-layout":"","site-content-style":"default","site-sidebar-style":"default","ast-global-header-display":"","ast-banner-title-visibility":"","ast-main-header-display":"","ast-hfb-above-header-display":"","ast-hfb-below-header-display":"","ast-hfb-mobile-header-display":"","site-post-title":"","ast-breadcrumbs-content":"","ast-featured-img":"","footer-sml-layout":"","theme-transparent-header-meta":"","adv-header-id-meta":"","stick-header-meta":"","header-above-stick-meta":"","header-main-stick-meta":"","header-below-stick-meta":"","astra-migrate-meta-layouts":"default","ast-page-background-enabled":"default","ast-page-background-meta":{"desktop":{"background-color":"var(--ast-global-color-4)","background-image":"","background-repeat":"repeat","background-position":"center center","background-size":"auto","background-attachment":"scroll","background-type":"","background-media":"","overlay-type":"","overlay-color":"","overlay-opacity":"","overlay-gradient":""},"tablet":{"background-color":"","background-image":"","background-repeat":"repeat","background-position":"center center","background-size":"auto","background-attachment":"scroll","background-type":"","background-media":"","overlay-type":"","overlay-color":"","overlay-opacity":"","overlay-gradient":""},"mobile":{"background-color":"","background-image":"","background-repeat":"repeat","background-position":"center center","background-size":"auto","background-attachment":"scroll","background-type":"","background-media":"","overlay-type":"","overlay-color":"","overlay-opacity":"","overlay-gradient":""}},"ast-content-background-meta":{"desktop":{"background-color":"var(--ast-global-color-5)","background-image":"","background-repeat":"repeat","background-position":"center center","background-size":"auto","background-attachment":"scroll","background-type":"","background-media":"","overlay-type":"","overlay-color":"","overlay-opacity":"","overlay-gradient":""},"tablet":{"background-color":"var(--ast-global-color-5)","background-image":"","background-repeat":"repeat","background-position":"center center","background-size":"auto","background-attachment":"scroll","background-type":"","background-media":"","overlay-type":"","overlay-color":"","overlay-opacity":"","overlay-gradient":""},"mobile":{"background-color":"var(--ast-global-color-5)","background-image":"","background-repeat":"repeat","background-position":"center center","background-size":"auto","background-attachment":"scroll","background-type":"","background-media":"","overlay-type":"","overlay-color":"","overlay-opacity":"","overlay-gradient":""}},"footnotes":""},"categories":[10,11,12,13,14,15,4],"tags":[112],"class_list":["post-3061","post","type-post","status-publish","format-standard","has-post-thumbnail","hentry","category-1r","category-2n","category-3r","category-4t","category-5e","category-6e","category-portada","tag-llengua-castellana"],"post_mailing_queue_ids":[],"_links":{"self":[{"href":"https:\/\/agora.xtec.cat\/ceipabatmarcet\/wp-json\/wp\/v2\/posts\/3061","targetHints":{"allow":["GET"]}}],"collection":[{"href":"https:\/\/agora.xtec.cat\/ceipabatmarcet\/wp-json\/wp\/v2\/posts"}],"about":[{"href":"https:\/\/agora.xtec.cat\/ceipabatmarcet\/wp-json\/wp\/v2\/types\/post"}],"author":[{"embeddable":true,"href":"https:\/\/agora.xtec.cat\/ceipabatmarcet\/wp-json\/wp\/v2\/users\/1"}],"replies":[{"embeddable":true,"href":"https:\/\/agora.xtec.cat\/ceipabatmarcet\/wp-json\/wp\/v2\/comments?post=3061"}],"version-history":[{"count":3,"href":"https:\/\/agora.xtec.cat\/ceipabatmarcet\/wp-json\/wp\/v2\/posts\/3061\/revisions"}],"predecessor-version":[{"id":3070,"href":"https:\/\/agora.xtec.cat\/ceipabatmarcet\/wp-json\/wp\/v2\/posts\/3061\/revisions\/3070"}],"wp:featuredmedia":[{"embeddable":true,"href":"https:\/\/agora.xtec.cat\/ceipabatmarcet\/wp-json\/wp\/v2\/media\/3062"}],"wp:attachment":[{"href":"https:\/\/agora.xtec.cat\/ceipabatmarcet\/wp-json\/wp\/v2\/media?parent=3061"}],"wp:term":[{"taxonomy":"category","embeddable":true,"href":"https:\/\/agora.xtec.cat\/ceipabatmarcet\/wp-json\/wp\/v2\/categories?post=3061"},{"taxonomy":"post_tag","embeddable":true,"href":"https:\/\/agora.xtec.cat\/ceipabatmarcet\/wp-json\/wp\/v2\/tags?post=3061"}],"curies":[{"name":"wp","href":"https:\/\/api.w.org\/{rel}","templated":true}]}}