{"id":2803,"date":"2018-04-19T22:40:46","date_gmt":"2018-04-19T20:40:46","guid":{"rendered":"http:\/\/agora.xtec.cat\/ceipabatmarcet\/?p=2803"},"modified":"2018-04-19T22:48:07","modified_gmt":"2018-04-19T20:48:07","slug":"un-any-mes-per-st-jordi-lampa-hi-es","status":"publish","type":"post","link":"https:\/\/agora.xtec.cat\/ceipabatmarcet\/general\/un-any-mes-per-st-jordi-lampa-hi-es\/","title":{"rendered":"Un any m\u00e9s per St. Jordi l\u2019AMPA hi \u00e9s!"},"content":{"rendered":"<p style=\"text-align: justify\">Recordeu que el proper dilluns, es celebra a l\u2019escola la Diada de St. Jordi. Les fam\u00edlies podrem entrar al pati de l\u2019escola per gaudir de les danses tradicionals que ballaran els nens i nenes, visitar l\u2019exposici\u00f3 de Jocs Florals i el concurs de fotografia. L\u2019AMPA estar\u00e0 present com cada any, a la petita parada de llibres que es muntar\u00e0 al pati, que com ja sabeu vendr\u00e0 llibres de segona m\u00e0 a un euro. Aquest any l\u2019import recaptat anir\u00e0 integrament a la compra de llibres pels racons de lectura i la biblioteca. Com a novetat, tamb\u00e9 estaran a la venda unes roses molt especials. Moltes fam\u00edlies han col\u2022laborat fent roses de paper artesanals, que portaran un missatge.<\/p>\n<p style=\"text-align: justify\">No ens cansem mai d\u2019agra\u00efr a tots i totes els que formem l\u2019AMPA, i als que col\u2022laborem. Sense les fam\u00edlies accions com aquestes no tindrien sentit. Han sigut moltes mans que han partcipat, unes des de casa fent roses, altres recollint i revisant llibres, altres fent pancarta i cartells, altres venent a la parada. Ara nom\u00e9s falta que la resta de fam\u00edlies s\u2019animi a comprar i tot haur\u00e0 sigut un \u00e8xit.<\/p>\n<p><a href=\"http:\/\/agora.xtec.cat\/ceipabatmarcet\/wp-content\/uploads\/usu1494\/2018\/04\/E2310E2F-3E54-4281-B1E5-64008B719BED.jpeg\"><img loading=\"lazy\" decoding=\"async\" class=\"alignnone size-large wp-image-2804\" src=\"http:\/\/agora.xtec.cat\/ceipabatmarcet\/wp-content\/uploads\/usu1494\/2018\/04\/E2310E2F-3E54-4281-B1E5-64008B719BED-1024x746.jpeg\" alt=\"\" width=\"1024\" height=\"746\" srcset=\"https:\/\/agora.xtec.cat\/ceipabatmarcet\/wp-content\/uploads\/usu1494\/2018\/04\/E2310E2F-3E54-4281-B1E5-64008B719BED-1024x746.jpeg 1024w, https:\/\/agora.xtec.cat\/ceipabatmarcet\/wp-content\/uploads\/usu1494\/2018\/04\/E2310E2F-3E54-4281-B1E5-64008B719BED-300x219.jpeg 300w, https:\/\/agora.xtec.cat\/ceipabatmarcet\/wp-content\/uploads\/usu1494\/2018\/04\/E2310E2F-3E54-4281-B1E5-64008B719BED-768x560.jpeg 768w, https:\/\/agora.xtec.cat\/ceipabatmarcet\/wp-content\/uploads\/usu1494\/2018\/04\/E2310E2F-3E54-4281-B1E5-64008B719BED.jpeg 1239w\" sizes=\"auto, (max-width: 1024px) 100vw, 1024px\" \/><\/a>\u00a0<a href=\"http:\/\/agora.xtec.cat\/ceipabatmarcet\/wp-content\/uploads\/usu1494\/2018\/04\/3E9D2C1F-CBAC-4714-B4CE-99B773B7C57B.jpeg\"><img loading=\"lazy\" decoding=\"async\" class=\"alignnone size-large wp-image-2806\" src=\"http:\/\/agora.xtec.cat\/ceipabatmarcet\/wp-content\/uploads\/usu1494\/2018\/04\/3E9D2C1F-CBAC-4714-B4CE-99B773B7C57B.jpeg\" alt=\"\" width=\"771\" height=\"792\" srcset=\"https:\/\/agora.xtec.cat\/ceipabatmarcet\/wp-content\/uploads\/usu1494\/2018\/04\/3E9D2C1F-CBAC-4714-B4CE-99B773B7C57B.jpeg 771w, https:\/\/agora.xtec.cat\/ceipabatmarcet\/wp-content\/uploads\/usu1494\/2018\/04\/3E9D2C1F-CBAC-4714-B4CE-99B773B7C57B-292x300.jpeg 292w, https:\/\/agora.xtec.cat\/ceipabatmarcet\/wp-content\/uploads\/usu1494\/2018\/04\/3E9D2C1F-CBAC-4714-B4CE-99B773B7C57B-768x789.jpeg 768w\" sizes=\"auto, (max-width: 771px) 100vw, 771px\" \/><\/a>Aquest era l\u2019objectiu, escola, fam\u00edlies, cooperaci\u00f3 i acci\u00f3!<\/p>\n","protected":false},"excerpt":{"rendered":"<p>Recordeu que el proper dilluns, es celebra a l\u2019escola la Diada de St. Jordi. Les fam\u00edlies podrem entrar al pati de l\u2019escola per gaudir de les danses tradicionals que ballaran els nens i nenes, visitar l\u2019exposici\u00f3 de Jocs Florals i el concurs de fotografia. L\u2019AMPA estar\u00e0 present com cada any, a la petita parada de [&hellip;]<\/p>\n","protected":false},"author":40,"featured_media":0,"comment_status":"open","ping_status":"closed","sticky":false,"template":"","format":"standard","meta":{"_bbp_topic_count":0,"_bbp_reply_count":0,"_bbp_total_topic_count":0,"_bbp_total_reply_count":0,"_bbp_voice_count":0,"_bbp_anonymous_reply_count":0,"_bbp_topic_count_hidden":0,"_bbp_reply_count_hidden":0,"_bbp_forum_subforum_count":0,"site-sidebar-layout":"default","site-content-layout":"","ast-site-content-layout":"","site-content-style":"default","site-sidebar-style":"default","ast-global-header-display":"","ast-banner-title-visibility":"","ast-main-header-display":"","ast-hfb-above-header-display":"","ast-hfb-below-header-display":"","ast-hfb-mobile-header-display":"","site-post-title":"","ast-breadcrumbs-content":"","ast-featured-img":"","footer-sml-layout":"","theme-transparent-header-meta":"","adv-header-id-meta":"","stick-header-meta":"","header-above-stick-meta":"","header-main-stick-meta":"","header-below-stick-meta":"","astra-migrate-meta-layouts":"default","ast-page-background-enabled":"default","ast-page-background-meta":{"desktop":{"background-color":"var(--ast-global-color-4)","background-image":"","background-repeat":"repeat","background-position":"center center","background-size":"auto","background-attachment":"scroll","background-type":"","background-media":"","overlay-type":"","overlay-color":"","overlay-opacity":"","overlay-gradient":""},"tablet":{"background-color":"","background-image":"","background-repeat":"repeat","background-position":"center center","background-size":"auto","background-attachment":"scroll","background-type":"","background-media":"","overlay-type":"","overlay-color":"","overlay-opacity":"","overlay-gradient":""},"mobile":{"background-color":"","background-image":"","background-repeat":"repeat","background-position":"center center","background-size":"auto","background-attachment":"scroll","background-type":"","background-media":"","overlay-type":"","overlay-color":"","overlay-opacity":"","overlay-gradient":""}},"ast-content-background-meta":{"desktop":{"background-color":"var(--ast-global-color-5)","background-image":"","background-repeat":"repeat","background-position":"center center","background-size":"auto","background-attachment":"scroll","background-type":"","background-media":"","overlay-type":"","overlay-color":"","overlay-opacity":"","overlay-gradient":""},"tablet":{"background-color":"var(--ast-global-color-5)","background-image":"","background-repeat":"repeat","background-position":"center center","background-size":"auto","background-attachment":"scroll","background-type":"","background-media":"","overlay-type":"","overlay-color":"","overlay-opacity":"","overlay-gradient":""},"mobile":{"background-color":"var(--ast-global-color-5)","background-image":"","background-repeat":"repeat","background-position":"center center","background-size":"auto","background-attachment":"scroll","background-type":"","background-media":"","overlay-type":"","overlay-color":"","overlay-opacity":"","overlay-gradient":""}},"footnotes":""},"categories":[79,1,4],"tags":[],"class_list":["post-2803","post","type-post","status-publish","format-standard","hentry","category-afa","category-general","category-portada"],"post_mailing_queue_ids":[],"_links":{"self":[{"href":"https:\/\/agora.xtec.cat\/ceipabatmarcet\/wp-json\/wp\/v2\/posts\/2803","targetHints":{"allow":["GET"]}}],"collection":[{"href":"https:\/\/agora.xtec.cat\/ceipabatmarcet\/wp-json\/wp\/v2\/posts"}],"about":[{"href":"https:\/\/agora.xtec.cat\/ceipabatmarcet\/wp-json\/wp\/v2\/types\/post"}],"author":[{"embeddable":true,"href":"https:\/\/agora.xtec.cat\/ceipabatmarcet\/wp-json\/wp\/v2\/users\/40"}],"replies":[{"embeddable":true,"href":"https:\/\/agora.xtec.cat\/ceipabatmarcet\/wp-json\/wp\/v2\/comments?post=2803"}],"version-history":[{"count":3,"href":"https:\/\/agora.xtec.cat\/ceipabatmarcet\/wp-json\/wp\/v2\/posts\/2803\/revisions"}],"predecessor-version":[{"id":2812,"href":"https:\/\/agora.xtec.cat\/ceipabatmarcet\/wp-json\/wp\/v2\/posts\/2803\/revisions\/2812"}],"wp:attachment":[{"href":"https:\/\/agora.xtec.cat\/ceipabatmarcet\/wp-json\/wp\/v2\/media?parent=2803"}],"wp:term":[{"taxonomy":"category","embeddable":true,"href":"https:\/\/agora.xtec.cat\/ceipabatmarcet\/wp-json\/wp\/v2\/categories?post=2803"},{"taxonomy":"post_tag","embeddable":true,"href":"https:\/\/agora.xtec.cat\/ceipabatmarcet\/wp-json\/wp\/v2\/tags?post=2803"}],"curies":[{"name":"wp","href":"https:\/\/api.w.org\/{rel}","templated":true}]}}