{"id":2348,"date":"2018-02-12T17:17:09","date_gmt":"2018-02-12T16:17:09","guid":{"rendered":"http:\/\/agora.xtec.cat\/ceipabatmarcet\/?p=2348"},"modified":"2018-02-15T09:56:24","modified_gmt":"2018-02-15T08:56:24","slug":"els-marcetxefs-ens-emportem-el-4t-premi-a-la-rua-infantil-de-terrassa","status":"publish","type":"post","link":"https:\/\/agora.xtec.cat\/ceipabatmarcet\/general\/els-marcetxefs-ens-emportem-el-4t-premi-a-la-rua-infantil-de-terrassa\/","title":{"rendered":"Els MarcetXefs ens emportem el 4t premi a la Rua Infantil de Terrassa!"},"content":{"rendered":"<p><span style=\"color: #ff00ff\"><strong>MOLTES FELICITATS DE L&#8217;EQUIP DOCENT!! <\/strong><\/span><\/p>\n<p><a href=\"https:\/\/photos.app.goo.gl\/wHnpMDiJcp7xsTpA2\"><img loading=\"lazy\" decoding=\"async\" class=\"alignnone wp-image-2415 size-large\" src=\"http:\/\/agora.xtec.cat\/ceipabatmarcet\/wp-content\/uploads\/usu1494\/2018\/02\/1cae5c78-38f3-4281-8fc4-a6b5774b9049-COLLAGE-1024x1024.jpg\" alt=\"\" width=\"1024\" height=\"1024\" srcset=\"https:\/\/agora.xtec.cat\/ceipabatmarcet\/wp-content\/uploads\/usu1494\/2018\/02\/1cae5c78-38f3-4281-8fc4-a6b5774b9049-COLLAGE-1024x1024.jpg 1024w, https:\/\/agora.xtec.cat\/ceipabatmarcet\/wp-content\/uploads\/usu1494\/2018\/02\/1cae5c78-38f3-4281-8fc4-a6b5774b9049-COLLAGE-150x150.jpg 150w, https:\/\/agora.xtec.cat\/ceipabatmarcet\/wp-content\/uploads\/usu1494\/2018\/02\/1cae5c78-38f3-4281-8fc4-a6b5774b9049-COLLAGE-300x300.jpg 300w, https:\/\/agora.xtec.cat\/ceipabatmarcet\/wp-content\/uploads\/usu1494\/2018\/02\/1cae5c78-38f3-4281-8fc4-a6b5774b9049-COLLAGE-768x768.jpg 768w, https:\/\/agora.xtec.cat\/ceipabatmarcet\/wp-content\/uploads\/usu1494\/2018\/02\/1cae5c78-38f3-4281-8fc4-a6b5774b9049-COLLAGE.jpg 1577w\" sizes=\"auto, (max-width: 1024px) 100vw, 1024px\" \/><\/a><\/p>\n<p><span style=\"color: #000000\">Ahir va ser un gran dia per un gran equip! El nostre esfor\u00e7 va tenir recompensa, per\u00f2 no nom\u00e9s ens referim al 4t premi que ens vam emportar, sin\u00f3 per com vam gaudir de la Rua.<\/span><\/p>\n<p><span style=\"color: #000000\">Tota la preparaci\u00f3 va ser un seguit d&#8217;emocions, d&#8217;intrigues i sobretot d&#8217;il\u00b7lusions. Ning\u00fa s&#8217;imaginava que ens ho passar\u00edem tant b\u00e9. I finalment diumenge tots junts, des dels m\u00e9s petits fins als m\u00e9s grans vam riure i ballar com mai.<\/span><\/p>\n<p><span style=\"color: #000000\">Gr\u00e0cies a la Raquel i al Nico vam poder portar a la geganta m\u00e9s xula de tota Terrassa. El Joaquin ens va fer de Dj en directe durant tot el cam\u00ed, i la Vanesa ens va organitzar i coordinar sempre amb un gran somriure a la cara!<\/span><\/p>\n<p><span style=\"color: #000000\">Per\u00f2 tot aquest muntatge ha sigut gr\u00e0cies a tots i totes; als que des de casa es fabricaven les disfresses, a les que en aquell petit taller van fabricar els artilugis necessaris, i a tots i totes els que van anar confeccionant la coreografia.<\/span><\/p>\n<p><span style=\"color: #000000\">En definitiva la feina amb il\u00b7lusi\u00f3 no sembla feina!<\/span><\/p>\n<p><span style=\"color: #000000\">Esperem que l&#8217;any que ve s&#8217;afegeixin m\u00e9s fam\u00edlies perqu\u00e8 l&#8217;experi\u00e8ncia ha sigut molt i molt bona.<\/span><\/p>\n<p><span style=\"color: #000000\">L&#8217;AMPA<\/span><\/p>\n<p><span style=\"color: #000000\">(Clica a la foto per veure la galeria)<\/span><\/p>\n<p><a href=\"https:\/\/photos.app.goo.gl\/fWzLRo6oVIRlizLr1\"><img loading=\"lazy\" decoding=\"async\" class=\"alignnone size-large wp-image-2368\" src=\"http:\/\/agora.xtec.cat\/ceipabatmarcet\/wp-content\/uploads\/usu1494\/2018\/02\/DSC0123-1024x680.jpg\" alt=\"\" width=\"1024\" height=\"680\" \/><\/a><\/p>\n<p>Reportatge del Diari Terrassa:<\/p>\n<p><a href=\"http:\/\/www.diarideterrassa.es\/terrassa\/2018\/02\/11\/lampa-serra-lobac-gana-rua-infantil-laigua-nostre\/76118.html\">http:\/\/www.diarideterrassa.es\/terrassa\/2018\/02\/11\/lampa-serra-lobac-gana-rua-infantil-laigua-nostre\/76118.html<\/a><\/p>\n<p>Reportatge del Terrassa Digital (minut 12:11)<\/p>\n<p><a href=\"https:\/\/youtu.be\/c4dObxoHGNU\">https:\/\/youtu.be\/c4dObxoHGNU<\/a><\/p>\n<p>&nbsp;<\/p>\n","protected":false},"excerpt":{"rendered":"<p>MOLTES FELICITATS DE L&#8217;EQUIP DOCENT!! Ahir va ser un gran dia per un gran equip! El nostre esfor\u00e7 va tenir recompensa, per\u00f2 no nom\u00e9s ens referim al 4t premi que ens vam emportar, sin\u00f3 per com vam gaudir de la Rua. Tota la preparaci\u00f3 va ser un seguit d&#8217;emocions, d&#8217;intrigues i sobretot d&#8217;il\u00b7lusions. Ning\u00fa s&#8217;imaginava [&hellip;]<\/p>\n","protected":false},"author":40,"featured_media":2415,"comment_status":"open","ping_status":"closed","sticky":false,"template":"","format":"standard","meta":{"_bbp_topic_count":0,"_bbp_reply_count":0,"_bbp_total_topic_count":0,"_bbp_total_reply_count":0,"_bbp_voice_count":0,"_bbp_anonymous_reply_count":0,"_bbp_topic_count_hidden":0,"_bbp_reply_count_hidden":0,"_bbp_forum_subforum_count":0,"site-sidebar-layout":"default","site-content-layout":"","ast-site-content-layout":"","site-content-style":"default","site-sidebar-style":"default","ast-global-header-display":"","ast-banner-title-visibility":"","ast-main-header-display":"","ast-hfb-above-header-display":"","ast-hfb-below-header-display":"","ast-hfb-mobile-header-display":"","site-post-title":"","ast-breadcrumbs-content":"","ast-featured-img":"","footer-sml-layout":"","theme-transparent-header-meta":"","adv-header-id-meta":"","stick-header-meta":"","header-above-stick-meta":"","header-main-stick-meta":"","header-below-stick-meta":"","astra-migrate-meta-layouts":"default","ast-page-background-enabled":"default","ast-page-background-meta":{"desktop":{"background-color":"var(--ast-global-color-4)","background-image":"","background-repeat":"repeat","background-position":"center center","background-size":"auto","background-attachment":"scroll","background-type":"","background-media":"","overlay-type":"","overlay-color":"","overlay-opacity":"","overlay-gradient":""},"tablet":{"background-color":"","background-image":"","background-repeat":"repeat","background-position":"center center","background-size":"auto","background-attachment":"scroll","background-type":"","background-media":"","overlay-type":"","overlay-color":"","overlay-opacity":"","overlay-gradient":""},"mobile":{"background-color":"","background-image":"","background-repeat":"repeat","background-position":"center center","background-size":"auto","background-attachment":"scroll","background-type":"","background-media":"","overlay-type":"","overlay-color":"","overlay-opacity":"","overlay-gradient":""}},"ast-content-background-meta":{"desktop":{"background-color":"var(--ast-global-color-5)","background-image":"","background-repeat":"repeat","background-position":"center center","background-size":"auto","background-attachment":"scroll","background-type":"","background-media":"","overlay-type":"","overlay-color":"","overlay-opacity":"","overlay-gradient":""},"tablet":{"background-color":"var(--ast-global-color-5)","background-image":"","background-repeat":"repeat","background-position":"center center","background-size":"auto","background-attachment":"scroll","background-type":"","background-media":"","overlay-type":"","overlay-color":"","overlay-opacity":"","overlay-gradient":""},"mobile":{"background-color":"var(--ast-global-color-5)","background-image":"","background-repeat":"repeat","background-position":"center center","background-size":"auto","background-attachment":"scroll","background-type":"","background-media":"","overlay-type":"","overlay-color":"","overlay-opacity":"","overlay-gradient":""}},"footnotes":""},"categories":[10,11,12,13,14,15,79,1,3,8,9,4],"tags":[63],"class_list":["post-2348","post","type-post","status-publish","format-standard","has-post-thumbnail","hentry","category-1r","category-2n","category-3r","category-4t","category-5e","category-6e","category-afa","category-general","category-i3","category-i4","category-i5","category-portada","tag-carnestoltes"],"post_mailing_queue_ids":[],"_links":{"self":[{"href":"https:\/\/agora.xtec.cat\/ceipabatmarcet\/wp-json\/wp\/v2\/posts\/2348","targetHints":{"allow":["GET"]}}],"collection":[{"href":"https:\/\/agora.xtec.cat\/ceipabatmarcet\/wp-json\/wp\/v2\/posts"}],"about":[{"href":"https:\/\/agora.xtec.cat\/ceipabatmarcet\/wp-json\/wp\/v2\/types\/post"}],"author":[{"embeddable":true,"href":"https:\/\/agora.xtec.cat\/ceipabatmarcet\/wp-json\/wp\/v2\/users\/40"}],"replies":[{"embeddable":true,"href":"https:\/\/agora.xtec.cat\/ceipabatmarcet\/wp-json\/wp\/v2\/comments?post=2348"}],"version-history":[{"count":4,"href":"https:\/\/agora.xtec.cat\/ceipabatmarcet\/wp-json\/wp\/v2\/posts\/2348\/revisions"}],"predecessor-version":[{"id":2385,"href":"https:\/\/agora.xtec.cat\/ceipabatmarcet\/wp-json\/wp\/v2\/posts\/2348\/revisions\/2385"}],"wp:featuredmedia":[{"embeddable":true,"href":"https:\/\/agora.xtec.cat\/ceipabatmarcet\/wp-json\/wp\/v2\/media\/2415"}],"wp:attachment":[{"href":"https:\/\/agora.xtec.cat\/ceipabatmarcet\/wp-json\/wp\/v2\/media?parent=2348"}],"wp:term":[{"taxonomy":"category","embeddable":true,"href":"https:\/\/agora.xtec.cat\/ceipabatmarcet\/wp-json\/wp\/v2\/categories?post=2348"},{"taxonomy":"post_tag","embeddable":true,"href":"https:\/\/agora.xtec.cat\/ceipabatmarcet\/wp-json\/wp\/v2\/tags?post=2348"}],"curies":[{"name":"wp","href":"https:\/\/api.w.org\/{rel}","templated":true}]}}