{"id":1788,"date":"2017-11-22T09:38:10","date_gmt":"2017-11-22T08:38:10","guid":{"rendered":"http:\/\/agora.xtec.cat\/ceipabatmarcet\/?p=1788"},"modified":"2017-12-20T11:43:41","modified_gmt":"2017-12-20T10:43:41","slug":"fem-tallers-junts","status":"publish","type":"post","link":"https:\/\/agora.xtec.cat\/ceipabatmarcet\/infantil\/fem-tallers-junts\/","title":{"rendered":"FEM TALLERS JUNTS"},"content":{"rendered":"<p>Dilluns a la tarda tots els nens i nenes d&#8217;educaci\u00f3 infantil ens barregem i fem tallers. \u00c9s una tarda especial perqu\u00e8 hi ha molts canvis, canvis d&#8217;aula, de mestra, de companys, de rutines&#8230;<\/p>\n<p>Es fan 9 tallers. La Susana de P3 el fa de <strong>motricitat fina<\/strong>, l&#8217;Anna Roy de <strong>tablets<\/strong>, la Raquel de ioga, la Carme de <strong>fang<\/strong>, la Isabel d&#8217;<strong>experimentaci\u00f3<\/strong>, la Montse de <strong>cuina<\/strong>, la Rosa de <strong>construccions<\/strong>, la M. \u00c0ngels Navarro de<strong> contes<\/strong> i la Blanca de <strong>jocs tradicionals.\u00a0<\/strong>I tots passaran 4 cops per cada taller.<\/p>\n<p>\u00c9s una experi\u00e8ncia que la vam comen\u00e7ar l&#8217;any passat i com va tenir tant d&#8217;\u00e8xit ens hem animat a repetir-la.<\/p>\n<p>Aqu\u00ed us deixem una pinzellada de fotos.<\/p>\n<p>Gr\u00e0cies.<\/p>\n<p><a href=\"https:\/\/photos.app.goo.gl\/kHPonGwYrkPgahSs1\"><img decoding=\"async\" src=\"https:\/\/lh3.googleusercontent.com\/-qM1FQUaLA6tQ3kY6RvPZlQRRMqOGUm8UNgJl6aiVbZGSE8MDlm9OmAEzPSJh2hMNc8_FZ0GYpLPd95vNt4Q1TJ_6bHrhVoRlsQ2AxhfZ-Vz0K9W8u5zd0_1_pn0ibwtO_zYuageDa_koECCnRsJiqMHZ5uSlGKwchjPq0leqFJCrG0LykfVO0BD43vGQNAJuWhjdk6lgEDOQRXdADslNyQ4pJhyZm0i240pTQVUocN1XiBtodWFc04oVxmUXd3-pB7kB4oNurgPzW0gMoBXtwyehOXB6TjSFOkB1yANpKRiPGq5doy0MZ1gWVpxSSrtRwa85qEgzu85SomdprYfeRRZ7TifePyiB8IocRZlm_HllrmE7hkR5dAxCmmZxAvXHg_WPVg1VHxC_q4q-ZjCBMPkRMjqRjN8X2bAz8vJ3wBp_gEp-WZwGrGWo5atUM5ztbVSvVcap6_3JqhAqLJ21Tw5MV-fqS5uWx1M6IyrjvQfwkuafwNlNoObZbjK6YOYHA8oeL_jGkoaDvJS_gaUtEM04R5Mj7O6U1D9RW4tU1SnPzXdx83CJMFAphBuHTFQSSr45gV9DlYo62blTBrK4mlULPuA2_U3Z2aHZl9ovA=w1026-h769-no\" \/><\/a><\/p>\n","protected":false},"excerpt":{"rendered":"<p>Dilluns a la tarda tots els nens i nenes d&#8217;educaci\u00f3 infantil ens barregem i fem tallers. \u00c9s una tarda especial perqu\u00e8 hi ha molts canvis, canvis d&#8217;aula, de mestra, de companys, de rutines&#8230; Es fan 9 tallers. La Susana de P3 el fa de motricitat fina, l&#8217;Anna Roy de tablets, la Raquel de ioga, la [&hellip;]<\/p>\n","protected":false},"author":5,"featured_media":0,"comment_status":"open","ping_status":"closed","sticky":false,"template":"","format":"standard","meta":{"_bbp_topic_count":0,"_bbp_reply_count":0,"_bbp_total_topic_count":0,"_bbp_total_reply_count":0,"_bbp_voice_count":0,"_bbp_anonymous_reply_count":0,"_bbp_topic_count_hidden":0,"_bbp_reply_count_hidden":0,"_bbp_forum_subforum_count":0,"site-sidebar-layout":"default","site-content-layout":"","ast-site-content-layout":"","site-content-style":"default","site-sidebar-style":"default","ast-global-header-display":"","ast-banner-title-visibility":"","ast-main-header-display":"","ast-hfb-above-header-display":"","ast-hfb-below-header-display":"","ast-hfb-mobile-header-display":"","site-post-title":"","ast-breadcrumbs-content":"","ast-featured-img":"","footer-sml-layout":"","theme-transparent-header-meta":"","adv-header-id-meta":"","stick-header-meta":"","header-above-stick-meta":"","header-main-stick-meta":"","header-below-stick-meta":"","astra-migrate-meta-layouts":"default","ast-page-background-enabled":"default","ast-page-background-meta":{"desktop":{"background-color":"var(--ast-global-color-4)","background-image":"","background-repeat":"repeat","background-position":"center center","background-size":"auto","background-attachment":"scroll","background-type":"","background-media":"","overlay-type":"","overlay-color":"","overlay-opacity":"","overlay-gradient":""},"tablet":{"background-color":"","background-image":"","background-repeat":"repeat","background-position":"center center","background-size":"auto","background-attachment":"scroll","background-type":"","background-media":"","overlay-type":"","overlay-color":"","overlay-opacity":"","overlay-gradient":""},"mobile":{"background-color":"","background-image":"","background-repeat":"repeat","background-position":"center center","background-size":"auto","background-attachment":"scroll","background-type":"","background-media":"","overlay-type":"","overlay-color":"","overlay-opacity":"","overlay-gradient":""}},"ast-content-background-meta":{"desktop":{"background-color":"var(--ast-global-color-5)","background-image":"","background-repeat":"repeat","background-position":"center center","background-size":"auto","background-attachment":"scroll","background-type":"","background-media":"","overlay-type":"","overlay-color":"","overlay-opacity":"","overlay-gradient":""},"tablet":{"background-color":"var(--ast-global-color-5)","background-image":"","background-repeat":"repeat","background-position":"center center","background-size":"auto","background-attachment":"scroll","background-type":"","background-media":"","overlay-type":"","overlay-color":"","overlay-opacity":"","overlay-gradient":""},"mobile":{"background-color":"var(--ast-global-color-5)","background-image":"","background-repeat":"repeat","background-position":"center center","background-size":"auto","background-attachment":"scroll","background-type":"","background-media":"","overlay-type":"","overlay-color":"","overlay-opacity":"","overlay-gradient":""}},"footnotes":""},"categories":[3,8,9,2],"tags":[],"class_list":["post-1788","post","type-post","status-publish","format-standard","hentry","category-i3","category-i4","category-i5","category-infantil"],"post_mailing_queue_ids":[],"_links":{"self":[{"href":"https:\/\/agora.xtec.cat\/ceipabatmarcet\/wp-json\/wp\/v2\/posts\/1788","targetHints":{"allow":["GET"]}}],"collection":[{"href":"https:\/\/agora.xtec.cat\/ceipabatmarcet\/wp-json\/wp\/v2\/posts"}],"about":[{"href":"https:\/\/agora.xtec.cat\/ceipabatmarcet\/wp-json\/wp\/v2\/types\/post"}],"author":[{"embeddable":true,"href":"https:\/\/agora.xtec.cat\/ceipabatmarcet\/wp-json\/wp\/v2\/users\/5"}],"replies":[{"embeddable":true,"href":"https:\/\/agora.xtec.cat\/ceipabatmarcet\/wp-json\/wp\/v2\/comments?post=1788"}],"version-history":[{"count":1,"href":"https:\/\/agora.xtec.cat\/ceipabatmarcet\/wp-json\/wp\/v2\/posts\/1788\/revisions"}],"predecessor-version":[{"id":1789,"href":"https:\/\/agora.xtec.cat\/ceipabatmarcet\/wp-json\/wp\/v2\/posts\/1788\/revisions\/1789"}],"wp:attachment":[{"href":"https:\/\/agora.xtec.cat\/ceipabatmarcet\/wp-json\/wp\/v2\/media?parent=1788"}],"wp:term":[{"taxonomy":"category","embeddable":true,"href":"https:\/\/agora.xtec.cat\/ceipabatmarcet\/wp-json\/wp\/v2\/categories?post=1788"},{"taxonomy":"post_tag","embeddable":true,"href":"https:\/\/agora.xtec.cat\/ceipabatmarcet\/wp-json\/wp\/v2\/tags?post=1788"}],"curies":[{"name":"wp","href":"https:\/\/api.w.org\/{rel}","templated":true}]}}