{"id":1697,"date":"2017-11-07T13:43:49","date_gmt":"2017-11-07T12:43:49","guid":{"rendered":"http:\/\/agora.xtec.cat\/ceipabatmarcet\/?p=1697"},"modified":"2017-11-07T13:43:49","modified_gmt":"2017-11-07T12:43:49","slug":"us-recomanem-el-cicle-infantil-de-teatre-i-contes-de-lateneu-candela","status":"publish","type":"post","link":"https:\/\/agora.xtec.cat\/ceipabatmarcet\/afa\/us-recomanem-el-cicle-infantil-de-teatre-i-contes-de-lateneu-candela\/","title":{"rendered":"Us recomanem el Cicle Infantil de Teatre i contes de l&#8217;Ateneu Candela"},"content":{"rendered":"<p><a href=\"http:\/\/agora.xtec.cat\/ceipabatmarcet\/wp-content\/uploads\/usu1494\/2017\/11\/flyer_infantil_web.jpg\"><img loading=\"lazy\" decoding=\"async\" class=\"size-full wp-image-1698 aligncenter\" src=\"http:\/\/agora.xtec.cat\/ceipabatmarcet\/wp-content\/uploads\/usu1494\/2017\/11\/flyer_infantil_web.jpg\" alt=\"\" width=\"298\" height=\"420\" srcset=\"https:\/\/agora.xtec.cat\/ceipabatmarcet\/wp-content\/uploads\/usu1494\/2017\/11\/flyer_infantil_web.jpg 298w, https:\/\/agora.xtec.cat\/ceipabatmarcet\/wp-content\/uploads\/usu1494\/2017\/11\/flyer_infantil_web-213x300.jpg 213w\" sizes=\"auto, (max-width: 298px) 100vw, 298px\" \/><\/a><\/p>\n<p>Ja tenim aqu\u00ed el cicle infantil! De la m\u00e0 de Synusia i l&#8217;Embarral, ens proposen una programaci\u00f3 que agradar\u00e0 als m\u00e9s peques i als m\u00e9s grans!<\/p>\n<p>TEATRE<br \/>\n<strong>12 novembre | 18h<br \/>\nDRAPS<\/strong><br \/>\n<em>amb La Guilla Teatre<br \/>\na partir de 3 anys<\/em><\/p>\n<p>TEATRE<br \/>\n<strong>16 desembre | 18h<br \/>\nLA FILOMENA VA AL RIU<\/strong><br \/>\n<em>amb Pengim Penjam Titelles<br \/>\nde 0 a 3 anys<\/em><\/p>\n<p>CONTE<br \/>\n<strong>20 gener | 18.30h<br \/>\nEL REGAL D&#8217;ANIVERSARI<\/strong><br \/>\n<em>amb Peus Grossos<br \/>\na partir de 3 anys<\/em><\/p>\n<p>CONTE<br \/>\n<strong>17 febrer | 18.30h<br \/>\nINVENTARI DE CONTES<\/strong><br \/>\n<em>amb Cia. La Genovesa<br \/>\na partir de 5 anys<\/em><\/p>\n<p>&#8212;&#8212;&#8212;&#8212;&#8212;&#8212;&#8212;&#8212;-<\/p>\n<p><em>*5\u20ac\/infant<br \/>\n*Entrades anticipades a Synusia<br \/>\n*Aforament limitat<br \/>\n*Si no pots assumir el cost de l\u2019entrada, te la regalem a la llibreria Synusia<\/em><\/p>\n<p><a href=\"http:\/\/www.ateneucandela.info\/node\/1735\">http:\/\/www.ateneucandela.info\/node\/1735<\/a><\/p>\n","protected":false},"excerpt":{"rendered":"<p>Ja tenim aqu\u00ed el cicle infantil! De la m\u00e0 de Synusia i l&#8217;Embarral, ens proposen una programaci\u00f3 que agradar\u00e0 als m\u00e9s peques i als m\u00e9s grans! TEATRE 12 novembre | 18h DRAPS amb La Guilla Teatre a partir de 3 anys TEATRE 16 desembre | 18h LA FILOMENA VA AL RIU amb Pengim Penjam Titelles [&hellip;]<\/p>\n","protected":false},"author":40,"featured_media":0,"comment_status":"open","ping_status":"closed","sticky":false,"template":"","format":"standard","meta":{"_bbp_topic_count":0,"_bbp_reply_count":0,"_bbp_total_topic_count":0,"_bbp_total_reply_count":0,"_bbp_voice_count":0,"_bbp_anonymous_reply_count":0,"_bbp_topic_count_hidden":0,"_bbp_reply_count_hidden":0,"_bbp_forum_subforum_count":0,"site-sidebar-layout":"default","site-content-layout":"","ast-site-content-layout":"","site-content-style":"default","site-sidebar-style":"default","ast-global-header-display":"","ast-banner-title-visibility":"","ast-main-header-display":"","ast-hfb-above-header-display":"","ast-hfb-below-header-display":"","ast-hfb-mobile-header-display":"","site-post-title":"","ast-breadcrumbs-content":"","ast-featured-img":"","footer-sml-layout":"","theme-transparent-header-meta":"","adv-header-id-meta":"","stick-header-meta":"","header-above-stick-meta":"","header-main-stick-meta":"","header-below-stick-meta":"","astra-migrate-meta-layouts":"default","ast-page-background-enabled":"default","ast-page-background-meta":{"desktop":{"background-color":"var(--ast-global-color-4)","background-image":"","background-repeat":"repeat","background-position":"center center","background-size":"auto","background-attachment":"scroll","background-type":"","background-media":"","overlay-type":"","overlay-color":"","overlay-opacity":"","overlay-gradient":""},"tablet":{"background-color":"","background-image":"","background-repeat":"repeat","background-position":"center center","background-size":"auto","background-attachment":"scroll","background-type":"","background-media":"","overlay-type":"","overlay-color":"","overlay-opacity":"","overlay-gradient":""},"mobile":{"background-color":"","background-image":"","background-repeat":"repeat","background-position":"center center","background-size":"auto","background-attachment":"scroll","background-type":"","background-media":"","overlay-type":"","overlay-color":"","overlay-opacity":"","overlay-gradient":""}},"ast-content-background-meta":{"desktop":{"background-color":"var(--ast-global-color-5)","background-image":"","background-repeat":"repeat","background-position":"center center","background-size":"auto","background-attachment":"scroll","background-type":"","background-media":"","overlay-type":"","overlay-color":"","overlay-opacity":"","overlay-gradient":""},"tablet":{"background-color":"var(--ast-global-color-5)","background-image":"","background-repeat":"repeat","background-position":"center center","background-size":"auto","background-attachment":"scroll","background-type":"","background-media":"","overlay-type":"","overlay-color":"","overlay-opacity":"","overlay-gradient":""},"mobile":{"background-color":"var(--ast-global-color-5)","background-image":"","background-repeat":"repeat","background-position":"center center","background-size":"auto","background-attachment":"scroll","background-type":"","background-media":"","overlay-type":"","overlay-color":"","overlay-opacity":"","overlay-gradient":""}},"footnotes":""},"categories":[79],"tags":[],"class_list":["post-1697","post","type-post","status-publish","format-standard","hentry","category-afa"],"post_mailing_queue_ids":[],"_links":{"self":[{"href":"https:\/\/agora.xtec.cat\/ceipabatmarcet\/wp-json\/wp\/v2\/posts\/1697","targetHints":{"allow":["GET"]}}],"collection":[{"href":"https:\/\/agora.xtec.cat\/ceipabatmarcet\/wp-json\/wp\/v2\/posts"}],"about":[{"href":"https:\/\/agora.xtec.cat\/ceipabatmarcet\/wp-json\/wp\/v2\/types\/post"}],"author":[{"embeddable":true,"href":"https:\/\/agora.xtec.cat\/ceipabatmarcet\/wp-json\/wp\/v2\/users\/40"}],"replies":[{"embeddable":true,"href":"https:\/\/agora.xtec.cat\/ceipabatmarcet\/wp-json\/wp\/v2\/comments?post=1697"}],"version-history":[{"count":2,"href":"https:\/\/agora.xtec.cat\/ceipabatmarcet\/wp-json\/wp\/v2\/posts\/1697\/revisions"}],"predecessor-version":[{"id":1700,"href":"https:\/\/agora.xtec.cat\/ceipabatmarcet\/wp-json\/wp\/v2\/posts\/1697\/revisions\/1700"}],"wp:attachment":[{"href":"https:\/\/agora.xtec.cat\/ceipabatmarcet\/wp-json\/wp\/v2\/media?parent=1697"}],"wp:term":[{"taxonomy":"category","embeddable":true,"href":"https:\/\/agora.xtec.cat\/ceipabatmarcet\/wp-json\/wp\/v2\/categories?post=1697"},{"taxonomy":"post_tag","embeddable":true,"href":"https:\/\/agora.xtec.cat\/ceipabatmarcet\/wp-json\/wp\/v2\/tags?post=1697"}],"curies":[{"name":"wp","href":"https:\/\/api.w.org\/{rel}","templated":true}]}}