{"id":1162,"date":"2017-07-06T09:30:32","date_gmt":"2017-07-06T07:30:32","guid":{"rendered":"http:\/\/agora.xtec.cat\/ceipabatmarcet\/?p=1162"},"modified":"2017-07-07T10:08:50","modified_gmt":"2017-07-07T08:08:50","slug":"un-mar-dhistories","status":"publish","type":"post","link":"https:\/\/agora.xtec.cat\/ceipabatmarcet\/general\/un-mar-dhistories\/","title":{"rendered":"Diari de Terrassa: article sobre el llibre col\u00b7laboratiu Abat Marcet-Torre del Palau"},"content":{"rendered":"<div>\n<div>\n<div>\n<div><strong>\u00a0<\/strong><\/div>\n<p><strong>DIARI DE TERRASSA<\/strong> ha publicat en la seva edici\u00f3 en paper i digital un article sobre el llibre &#8221; Un mar d&#8217;hist\u00f2ries&#8221;. Es tracta d&#8217;un <strong>llibre electr\u00f2nic col\u00b7laboratiu<\/strong> que s&#8217;ha elaborat amb <strong>relats de l&#8217;institut Torre <\/strong><strong>del Palau i de l&#8217;Escola Abat Marcet,<\/strong> edici\u00f3 2016-2017. Per part de l&#8217;institut, s&#8217;ha treballat conjuntament entre els departaments de Lleng\u00fces i Visual i Pl\u00e0stica a l&#8217;hora de coordinar els textos i la part gr\u00e0fica.<\/p>\n<p><a href=\"http:\/\/agora.xtec.cat\/ceipabatmarcet\/wp-content\/uploads\/usu1494\/2017\/06\/article-Diari-de-Terrassa-llibre-alumnes-Abat-Marcet-Torre-del-Palau-.pdf\">article Diari de Terrassa-llibre col\u00b7laboratiu Abat Marcet<\/a><\/p>\n<\/div>\n<p>&nbsp;<\/p>\n<div>\n<p><img loading=\"lazy\" decoding=\"async\" class=\"wp-image-1163 aligncenter\" src=\"http:\/\/agora.xtec.cat\/ceipabatmarcet\/wp-content\/uploads\/usu1494\/2017\/06\/llibre-col\u00b7laboratiu-INS-Torre-del-Palau.jpg\" alt=\"llibre col\u00b7laboratiu INS Torre del Palau\" width=\"300\" height=\"212\" \/><\/p>\n<\/div>\n<\/div>\n<\/div>\n<div><\/div>\n<div>\n<div style=\"text-align: center;\">cliqueu a l&#8217;enlla\u00e7 per veure el llibre:<\/div>\n<div style=\"text-align: center;\"><\/div>\n<div style=\"text-align: center;\"><a href=\"https:\/\/issuu.com\/instituttorredelpalau\/docs\/_\">https:\/\/issuu.com\/instituttorredelpalau\/docs\/_<\/a><\/div>\n<div style=\"text-align: center;\"><\/div>\n<\/div>\n<p>&nbsp;<\/p>\n","protected":false},"excerpt":{"rendered":"<p>\u00a0 DIARI DE TERRASSA ha publicat en la seva edici\u00f3 en paper i digital un article sobre el llibre &#8221; Un mar d&#8217;hist\u00f2ries&#8221;. Es tracta d&#8217;un llibre electr\u00f2nic col\u00b7laboratiu que s&#8217;ha elaborat amb relats de l&#8217;institut Torre del Palau i de l&#8217;Escola Abat Marcet, edici\u00f3 2016-2017. Per part de l&#8217;institut, s&#8217;ha treballat conjuntament entre els [&hellip;]<\/p>\n","protected":false},"author":1,"featured_media":1163,"comment_status":"open","ping_status":"closed","sticky":false,"template":"","format":"standard","meta":{"_bbp_topic_count":0,"_bbp_reply_count":0,"_bbp_total_topic_count":0,"_bbp_total_reply_count":0,"_bbp_voice_count":0,"_bbp_anonymous_reply_count":0,"_bbp_topic_count_hidden":0,"_bbp_reply_count_hidden":0,"_bbp_forum_subforum_count":0,"site-sidebar-layout":"default","site-content-layout":"","ast-site-content-layout":"","site-content-style":"default","site-sidebar-style":"default","ast-global-header-display":"","ast-banner-title-visibility":"","ast-main-header-display":"","ast-hfb-above-header-display":"","ast-hfb-below-header-display":"","ast-hfb-mobile-header-display":"","site-post-title":"","ast-breadcrumbs-content":"","ast-featured-img":"","footer-sml-layout":"","theme-transparent-header-meta":"","adv-header-id-meta":"","stick-header-meta":"","header-above-stick-meta":"","header-main-stick-meta":"","header-below-stick-meta":"","astra-migrate-meta-layouts":"default","ast-page-background-enabled":"default","ast-page-background-meta":{"desktop":{"background-color":"var(--ast-global-color-4)","background-image":"","background-repeat":"repeat","background-position":"center center","background-size":"auto","background-attachment":"scroll","background-type":"","background-media":"","overlay-type":"","overlay-color":"","overlay-opacity":"","overlay-gradient":""},"tablet":{"background-color":"","background-image":"","background-repeat":"repeat","background-position":"center center","background-size":"auto","background-attachment":"scroll","background-type":"","background-media":"","overlay-type":"","overlay-color":"","overlay-opacity":"","overlay-gradient":""},"mobile":{"background-color":"","background-image":"","background-repeat":"repeat","background-position":"center center","background-size":"auto","background-attachment":"scroll","background-type":"","background-media":"","overlay-type":"","overlay-color":"","overlay-opacity":"","overlay-gradient":""}},"ast-content-background-meta":{"desktop":{"background-color":"var(--ast-global-color-5)","background-image":"","background-repeat":"repeat","background-position":"center center","background-size":"auto","background-attachment":"scroll","background-type":"","background-media":"","overlay-type":"","overlay-color":"","overlay-opacity":"","overlay-gradient":""},"tablet":{"background-color":"var(--ast-global-color-5)","background-image":"","background-repeat":"repeat","background-position":"center center","background-size":"auto","background-attachment":"scroll","background-type":"","background-media":"","overlay-type":"","overlay-color":"","overlay-opacity":"","overlay-gradient":""},"mobile":{"background-color":"var(--ast-global-color-5)","background-image":"","background-repeat":"repeat","background-position":"center center","background-size":"auto","background-attachment":"scroll","background-type":"","background-media":"","overlay-type":"","overlay-color":"","overlay-opacity":"","overlay-gradient":""}},"footnotes":""},"categories":[1,4],"tags":[],"class_list":["post-1162","post","type-post","status-publish","format-standard","has-post-thumbnail","hentry","category-general","category-portada"],"post_mailing_queue_ids":[],"_links":{"self":[{"href":"https:\/\/agora.xtec.cat\/ceipabatmarcet\/wp-json\/wp\/v2\/posts\/1162","targetHints":{"allow":["GET"]}}],"collection":[{"href":"https:\/\/agora.xtec.cat\/ceipabatmarcet\/wp-json\/wp\/v2\/posts"}],"about":[{"href":"https:\/\/agora.xtec.cat\/ceipabatmarcet\/wp-json\/wp\/v2\/types\/post"}],"author":[{"embeddable":true,"href":"https:\/\/agora.xtec.cat\/ceipabatmarcet\/wp-json\/wp\/v2\/users\/1"}],"replies":[{"embeddable":true,"href":"https:\/\/agora.xtec.cat\/ceipabatmarcet\/wp-json\/wp\/v2\/comments?post=1162"}],"version-history":[{"count":4,"href":"https:\/\/agora.xtec.cat\/ceipabatmarcet\/wp-json\/wp\/v2\/posts\/1162\/revisions"}],"predecessor-version":[{"id":1262,"href":"https:\/\/agora.xtec.cat\/ceipabatmarcet\/wp-json\/wp\/v2\/posts\/1162\/revisions\/1262"}],"wp:featuredmedia":[{"embeddable":true,"href":"https:\/\/agora.xtec.cat\/ceipabatmarcet\/wp-json\/wp\/v2\/media\/1163"}],"wp:attachment":[{"href":"https:\/\/agora.xtec.cat\/ceipabatmarcet\/wp-json\/wp\/v2\/media?parent=1162"}],"wp:term":[{"taxonomy":"category","embeddable":true,"href":"https:\/\/agora.xtec.cat\/ceipabatmarcet\/wp-json\/wp\/v2\/categories?post=1162"},{"taxonomy":"post_tag","embeddable":true,"href":"https:\/\/agora.xtec.cat\/ceipabatmarcet\/wp-json\/wp\/v2\/tags?post=1162"}],"curies":[{"name":"wp","href":"https:\/\/api.w.org\/{rel}","templated":true}]}}