{"id":11145,"date":"2026-04-27T10:53:11","date_gmt":"2026-04-27T08:53:11","guid":{"rendered":"https:\/\/agora.xtec.cat\/ceipabatmarcet\/?p=11145"},"modified":"2026-04-27T11:04:12","modified_gmt":"2026-04-27T09:04:12","slug":"que-samaga-al-forat-un-viatge-literari-de-li3-a-6e","status":"publish","type":"post","link":"https:\/\/agora.xtec.cat\/ceipabatmarcet\/general\/que-samaga-al-forat-un-viatge-literari-de-li3-a-6e\/","title":{"rendered":"Qu\u00e8 s&#8217;amaga al forat? Un viatge literari de l&#8217;I3 a 6\u00e8"},"content":{"rendered":"<p><span style=\"font-weight: 400;\">L&#8217;aprenentatge literari \u00e9s un cam\u00ed que es construeix pas a pas, i recentment hem volgut fer d&#8217;aquest recorregut una experi\u00e8ncia compartida per tot l&#8217;alumnat del centre, des dels m\u00e9s petits d&#8217;I3 fins als m\u00e9s grans de 6\u00e8, mitjan\u00e7ant la din\u00e0mica &#8220;Qu\u00e8 s\u2019amaga al forat?&#8221;.<\/span><\/p>\n<h3><b><i>El punt de partida: Una curiositat compartida<\/i><\/b><\/h3>\n<p><span style=\"font-weight: 400;\">La iniciativa va n\u00e9ixer amb un objectiu clar: fomentar la curiositat per la lectura a trav\u00e9s d&#8217;una metodologia basada en la investigaci\u00f3 i la descoberta conjunta. Els t\u00edtols utilitzats en la din\u00e0mica van ser seleccionats pel professorat i, posteriorment, assessorats i validats per les mestres que formen part de la biblioteca escolar, garantint aix\u00ed una tria acurada i coherent amb el nostre projecte pedag\u00f2gic. Aquesta selecci\u00f3 es va fer tenint en compte els temes treballats a l&#8217;aula, les necessitats de consulta o, senzillament, el plaer de la lectura.<\/span><\/p>\n<h3><b><i>El treball d&#8217;hip\u00f2tesis i la descoberta<\/i><\/b><\/h3>\n<p><span style=\"font-weight: 400;\">Un cop seleccionats els t\u00edtols, el cor de la din\u00e0mica va girar entorn del &#8220;forat&#8221;. Els llibres van ser preparats amb un petit forat a la coberta, oferint una finestra visual que permetia a l&#8217;alumnat observar fragments d&#8217;imatges.<\/span><\/p>\n<p><span style=\"font-weight: 400;\">A partir d&#8217;aqu\u00ed, es va iniciar un treball intens de formaci\u00f3 d&#8217;hip\u00f2tesis:<\/span><\/p>\n<ul>\n<li style=\"font-weight: 400;\" aria-level=\"1\"><span style=\"font-weight: 400;\">L&#8217;alumnat, en petits grups, observava el forat i imaginava quina hist\u00f2ria es podria amagar a l&#8217;interior.<\/span><\/li>\n<li style=\"font-weight: 400;\" aria-level=\"1\"><span style=\"font-weight: 400;\">Es van establir espais de tert\u00falia liter\u00e0ria on, amb l&#8217;acompanyament dels docents, es debatia sobre si el llibre seria del seu inter\u00e8s i, el m\u00e9s important, el perqu\u00e8.<\/span><\/li>\n<\/ul>\n<h3><b><i>Un projecte transversal: Biblioteca i aules<\/i><\/b><\/h3>\n<p><span style=\"font-weight: 400;\">L&#8217;experi\u00e8ncia no s&#8217;ha quedat entre les quatre parets de l&#8217;aula. Aquest projecte ha servit per refor\u00e7ar la connexi\u00f3 amb la biblioteca escolar, convertint-la en el centre neur\u00e0lgic de la descoberta. Els llibres escollits, tot i que inicialment han servit per a la din\u00e0mica a l&#8217;aula, formen part del cat\u00e0leg del centre i podran ser gaudits per tota la comunitat educativa, enriquint aix\u00ed el nostre fons bibliogr\u00e0fic.<\/span><\/p>\n<h3><b><i>Conclusi\u00f3: M\u00e9s enll\u00e0 de la lectura<\/i><\/b><\/h3>\n<p><span style=\"font-weight: 400;\">El balan\u00e7 d&#8217;aquesta experi\u00e8ncia vertical \u00e9s molt positiu. Hem pogut observar com, a trav\u00e9s d&#8217;una mateixa metodologia, l&#8217;alumnat ha desenvolupat la seva capacitat cr\u00edtica i imaginativa de manera adaptada a cada edat. Com a docents, ens hem sentit molt satisfets de la implicaci\u00f3 i l&#8217;entusiasme demostrat per tots els grups, reafirmant que quan convidem els infants a imaginar, la lectura esdev\u00e9 una aventura inesgotable.<\/span><\/p>\n<p><i><span style=\"font-weight: 400;\">Aquest projecte ha estat inspirat en l&#8217;experi\u00e8ncia &#8220;Hist\u00f2ries per un forat&#8221; de l&#8217;Escola Pau Vila d&#8217;Esparraguera.<\/span><\/i><\/p>\n<p><a href=\"https:\/\/agora.xtec.cat\/ceipabatmarcet\/wp-content\/uploads\/usu1494\/2026\/04\/Que-samaga1.jpeg\"><img loading=\"lazy\" decoding=\"async\" class=\"alignnone  wp-image-11146\" src=\"https:\/\/agora.xtec.cat\/ceipabatmarcet\/wp-content\/uploads\/usu1494\/2026\/04\/Que-samaga1-762x1024.jpeg\" alt=\"\" width=\"440\" height=\"592\" srcset=\"https:\/\/agora.xtec.cat\/ceipabatmarcet\/wp-content\/uploads\/usu1494\/2026\/04\/Que-samaga1-762x1024.jpeg 762w, https:\/\/agora.xtec.cat\/ceipabatmarcet\/wp-content\/uploads\/usu1494\/2026\/04\/Que-samaga1-223x300.jpeg 223w, https:\/\/agora.xtec.cat\/ceipabatmarcet\/wp-content\/uploads\/usu1494\/2026\/04\/Que-samaga1-768x1032.jpeg 768w, https:\/\/agora.xtec.cat\/ceipabatmarcet\/wp-content\/uploads\/usu1494\/2026\/04\/Que-samaga1.jpeg 990w\" sizes=\"auto, (max-width: 440px) 100vw, 440px\" \/><\/a><a href=\"https:\/\/agora.xtec.cat\/ceipabatmarcet\/wp-content\/uploads\/usu1494\/2026\/04\/Que-samaga.jpeg\"><img loading=\"lazy\" decoding=\"async\" class=\"alignnone  wp-image-11147\" src=\"https:\/\/agora.xtec.cat\/ceipabatmarcet\/wp-content\/uploads\/usu1494\/2026\/04\/Que-samaga-768x1024.jpeg\" alt=\"\" width=\"578\" height=\"770\" srcset=\"https:\/\/agora.xtec.cat\/ceipabatmarcet\/wp-content\/uploads\/usu1494\/2026\/04\/Que-samaga-768x1024.jpeg 768w, https:\/\/agora.xtec.cat\/ceipabatmarcet\/wp-content\/uploads\/usu1494\/2026\/04\/Que-samaga-225x300.jpeg 225w, https:\/\/agora.xtec.cat\/ceipabatmarcet\/wp-content\/uploads\/usu1494\/2026\/04\/Que-samaga-1152x1536.jpeg 1152w, https:\/\/agora.xtec.cat\/ceipabatmarcet\/wp-content\/uploads\/usu1494\/2026\/04\/Que-samaga.jpeg 1200w\" sizes=\"auto, (max-width: 578px) 100vw, 578px\" \/><\/a><\/p>\n<p>&nbsp;<\/p>\n","protected":false},"excerpt":{"rendered":"<p>L&#8217;aprenentatge literari \u00e9s un cam\u00ed que es construeix pas a pas, i recentment hem volgut fer d&#8217;aquest recorregut una experi\u00e8ncia compartida per tot l&#8217;alumnat del centre, des dels m\u00e9s petits d&#8217;I3 fins als m\u00e9s grans de 6\u00e8, mitjan\u00e7ant la din\u00e0mica &#8220;Qu\u00e8 s\u2019amaga al forat?&#8221;. El punt de partida: Una curiositat compartida La iniciativa va n\u00e9ixer [&hellip;]<\/p>\n","protected":false},"author":1,"featured_media":0,"comment_status":"open","ping_status":"open","sticky":false,"template":"","format":"standard","meta":{"_bbp_topic_count":0,"_bbp_reply_count":0,"_bbp_total_topic_count":0,"_bbp_total_reply_count":0,"_bbp_voice_count":0,"_bbp_anonymous_reply_count":0,"_bbp_topic_count_hidden":0,"_bbp_reply_count_hidden":0,"_bbp_forum_subforum_count":0,"site-sidebar-layout":"default","site-content-layout":"","ast-site-content-layout":"default","site-content-style":"default","site-sidebar-style":"default","ast-global-header-display":"","ast-banner-title-visibility":"","ast-main-header-display":"","ast-hfb-above-header-display":"","ast-hfb-below-header-display":"","ast-hfb-mobile-header-display":"","site-post-title":"","ast-breadcrumbs-content":"","ast-featured-img":"","footer-sml-layout":"","theme-transparent-header-meta":"default","adv-header-id-meta":"","stick-header-meta":"","header-above-stick-meta":"","header-main-stick-meta":"","header-below-stick-meta":"","astra-migrate-meta-layouts":"set","ast-page-background-enabled":"default","ast-page-background-meta":{"desktop":{"background-color":"var(--ast-global-color-4)","background-image":"","background-repeat":"repeat","background-position":"center center","background-size":"auto","background-attachment":"scroll","background-type":"","background-media":"","overlay-type":"","overlay-color":"","overlay-opacity":"","overlay-gradient":""},"tablet":{"background-color":"","background-image":"","background-repeat":"repeat","background-position":"center center","background-size":"auto","background-attachment":"scroll","background-type":"","background-media":"","overlay-type":"","overlay-color":"","overlay-opacity":"","overlay-gradient":""},"mobile":{"background-color":"","background-image":"","background-repeat":"repeat","background-position":"center center","background-size":"auto","background-attachment":"scroll","background-type":"","background-media":"","overlay-type":"","overlay-color":"","overlay-opacity":"","overlay-gradient":""}},"ast-content-background-meta":{"desktop":{"background-color":"var(--ast-global-color-5)","background-image":"","background-repeat":"repeat","background-position":"center center","background-size":"auto","background-attachment":"scroll","background-type":"","background-media":"","overlay-type":"","overlay-color":"","overlay-opacity":"","overlay-gradient":""},"tablet":{"background-color":"var(--ast-global-color-5)","background-image":"","background-repeat":"repeat","background-position":"center center","background-size":"auto","background-attachment":"scroll","background-type":"","background-media":"","overlay-type":"","overlay-color":"","overlay-opacity":"","overlay-gradient":""},"mobile":{"background-color":"var(--ast-global-color-5)","background-image":"","background-repeat":"repeat","background-position":"center center","background-size":"auto","background-attachment":"scroll","background-type":"","background-media":"","overlay-type":"","overlay-color":"","overlay-opacity":"","overlay-gradient":""}},"footnotes":""},"categories":[1,4],"tags":[],"class_list":["post-11145","post","type-post","status-publish","format-standard","hentry","category-general","category-portada"],"post_mailing_queue_ids":[],"_links":{"self":[{"href":"https:\/\/agora.xtec.cat\/ceipabatmarcet\/wp-json\/wp\/v2\/posts\/11145","targetHints":{"allow":["GET"]}}],"collection":[{"href":"https:\/\/agora.xtec.cat\/ceipabatmarcet\/wp-json\/wp\/v2\/posts"}],"about":[{"href":"https:\/\/agora.xtec.cat\/ceipabatmarcet\/wp-json\/wp\/v2\/types\/post"}],"author":[{"embeddable":true,"href":"https:\/\/agora.xtec.cat\/ceipabatmarcet\/wp-json\/wp\/v2\/users\/1"}],"replies":[{"embeddable":true,"href":"https:\/\/agora.xtec.cat\/ceipabatmarcet\/wp-json\/wp\/v2\/comments?post=11145"}],"version-history":[{"count":4,"href":"https:\/\/agora.xtec.cat\/ceipabatmarcet\/wp-json\/wp\/v2\/posts\/11145\/revisions"}],"predecessor-version":[{"id":11151,"href":"https:\/\/agora.xtec.cat\/ceipabatmarcet\/wp-json\/wp\/v2\/posts\/11145\/revisions\/11151"}],"wp:attachment":[{"href":"https:\/\/agora.xtec.cat\/ceipabatmarcet\/wp-json\/wp\/v2\/media?parent=11145"}],"wp:term":[{"taxonomy":"category","embeddable":true,"href":"https:\/\/agora.xtec.cat\/ceipabatmarcet\/wp-json\/wp\/v2\/categories?post=11145"},{"taxonomy":"post_tag","embeddable":true,"href":"https:\/\/agora.xtec.cat\/ceipabatmarcet\/wp-json\/wp\/v2\/tags?post=11145"}],"curies":[{"name":"wp","href":"https:\/\/api.w.org\/{rel}","templated":true}]}}