{"id":79,"count":66,"description":"<h6 style=\"text-align: center;\"><strong><a href=\"http:\/\/agora.xtec.cat\/ceipabatmarcet\/wp-content\/uploads\/usu1494\/2018\/08\/minilogo-ampa.png\"><img class=\" wp-image-3225 alignleft\" src=\"http:\/\/agora.xtec.cat\/ceipabatmarcet\/wp-content\/uploads\/usu1494\/2018\/08\/minilogo-ampa.png\" alt=\"\" width=\"206\" height=\"157\" \/><\/a><span style=\"color: #db0f38;\">Som l'associaci\u00f3 de mares i pares que dediquem temps i esfor\u00e7<\/span><\/strong><\/h6>\r\n<h6 style=\"text-align: center;\"><strong><span style=\"color: #db0f38;\"> a millorar l\u2019\u00e0mbit educatiu dels nostres fills i filles.<\/span><\/strong><\/h6>\r\n<span style=\"color: #db0f38;\">En aquesta apartat podr\u00e0s con\u00e8ixer les activitats que realitzem, les comissions que estan en funcionament, buscar recursos per realitzar activitats amb la teva fam\u00edlia, reflexionar sobre el m\u00f3n educatiu i sobre l'aportaci\u00f3 que els pares i mares podem fer per ajudar els nostres fills a fer-se grans i feli\u00e7os, contactar amb nosaltres i moltes coses m\u00e9s!<\/span>","link":"https:\/\/agora.xtec.cat\/ceipabatmarcet\/categoria\/afa\/","name":"AFA","slug":"afa","taxonomy":"category","parent":0,"meta":[],"_links":{"self":[{"href":"https:\/\/agora.xtec.cat\/ceipabatmarcet\/wp-json\/wp\/v2\/categories\/79","targetHints":{"allow":["GET"]}}],"collection":[{"href":"https:\/\/agora.xtec.cat\/ceipabatmarcet\/wp-json\/wp\/v2\/categories"}],"about":[{"href":"https:\/\/agora.xtec.cat\/ceipabatmarcet\/wp-json\/wp\/v2\/taxonomies\/category"}],"wp:post_type":[{"href":"https:\/\/agora.xtec.cat\/ceipabatmarcet\/wp-json\/wp\/v2\/posts?categories=79"}],"curies":[{"name":"wp","href":"https:\/\/api.w.org\/{rel}","templated":true}]}}