{"id":9995,"date":"2024-01-16T22:56:46","date_gmt":"2024-01-16T21:56:46","guid":{"rendered":"https:\/\/agora.xtec.cat\/ceip-valdelors-vandellos\/?p=9995"},"modified":"2024-01-16T23:00:56","modified_gmt":"2024-01-16T22:00:56","slug":"el-pati-somiat","status":"publish","type":"post","link":"https:\/\/agora.xtec.cat\/ceip-valdelors-vandellos\/portada\/el-pati-somiat\/","title":{"rendered":"EL PATI SOMIAT"},"content":{"rendered":"<p>El curs passat vam reactivar amb el nou Ajuntament de Vandell\u00f2s i l&#8217;Hospitalet de l&#8217;infant, la millora progressiva del espai de joc exterior. Aquets projecte va n\u00e9ixer de la reflexi\u00f3 i treball de la comunitat educativa.<\/p>\n<p><a href=\"https:\/\/agora.xtec.cat\/ceip-valdelors-vandellos\/wp-content\/uploads\/usu1532\/2024\/01\/IMG_20240116_110628-scaled.jpg\"><img loading=\"lazy\" decoding=\"async\" class=\"wp-image-10000 aligncenter\" src=\"https:\/\/agora.xtec.cat\/ceip-valdelors-vandellos\/wp-content\/uploads\/usu1532\/2024\/01\/IMG_20240116_110628-768x1024.jpg\" alt=\"\" width=\"357\" height=\"476\" srcset=\"https:\/\/agora.xtec.cat\/ceip-valdelors-vandellos\/wp-content\/uploads\/usu1532\/2024\/01\/IMG_20240116_110628-768x1024.jpg 768w, https:\/\/agora.xtec.cat\/ceip-valdelors-vandellos\/wp-content\/uploads\/usu1532\/2024\/01\/IMG_20240116_110628-225x300.jpg 225w, https:\/\/agora.xtec.cat\/ceip-valdelors-vandellos\/wp-content\/uploads\/usu1532\/2024\/01\/IMG_20240116_110628-1152x1536.jpg 1152w, https:\/\/agora.xtec.cat\/ceip-valdelors-vandellos\/wp-content\/uploads\/usu1532\/2024\/01\/IMG_20240116_110628-1536x2048.jpg 1536w, https:\/\/agora.xtec.cat\/ceip-valdelors-vandellos\/wp-content\/uploads\/usu1532\/2024\/01\/IMG_20240116_110628-scaled.jpg 1920w\" sizes=\"auto, (max-width: 357px) 100vw, 357px\" \/><\/a><a href=\"https:\/\/agora.xtec.cat\/ceip-valdelors-vandellos\/wp-content\/uploads\/usu1532\/2024\/01\/IMG_20240116_110740-scaled.jpg\"><img loading=\"lazy\" decoding=\"async\" class=\"wp-image-10001 aligncenter\" src=\"https:\/\/agora.xtec.cat\/ceip-valdelors-vandellos\/wp-content\/uploads\/usu1532\/2024\/01\/IMG_20240116_110740-768x1024.jpg\" alt=\"\" width=\"359\" height=\"478\" srcset=\"https:\/\/agora.xtec.cat\/ceip-valdelors-vandellos\/wp-content\/uploads\/usu1532\/2024\/01\/IMG_20240116_110740-768x1024.jpg 768w, https:\/\/agora.xtec.cat\/ceip-valdelors-vandellos\/wp-content\/uploads\/usu1532\/2024\/01\/IMG_20240116_110740-225x300.jpg 225w, https:\/\/agora.xtec.cat\/ceip-valdelors-vandellos\/wp-content\/uploads\/usu1532\/2024\/01\/IMG_20240116_110740-1152x1536.jpg 1152w, https:\/\/agora.xtec.cat\/ceip-valdelors-vandellos\/wp-content\/uploads\/usu1532\/2024\/01\/IMG_20240116_110740-1536x2048.jpg 1536w, https:\/\/agora.xtec.cat\/ceip-valdelors-vandellos\/wp-content\/uploads\/usu1532\/2024\/01\/IMG_20240116_110740-scaled.jpg 1920w\" sizes=\"auto, (max-width: 359px) 100vw, 359px\" \/><\/a><\/p>\n<p>&nbsp;<\/p>\n<p>Vam implicar a totes i tots\u00a0 els\/les alumnes i a les fam\u00edlies. Creant una comissi\u00f3 de pati. Vam dissenyar el\u00a0 projecte en\u00a0 un curs escolar, el vam exposar a l&#8217;assemblea d&#8217;infants\u00a0 i\u00a0 vam anar pactant les millores progressives <span style=\"font-family: inherit; font-size: 1em;\">amb el municipi.<\/span><\/p>\n<p><a href=\"https:\/\/agora.xtec.cat\/ceip-valdelors-vandellos\/wp-content\/uploads\/usu1532\/2024\/01\/1705436127840.jpg\"><img loading=\"lazy\" decoding=\"async\" class=\"wp-image-9996 aligncenter\" src=\"https:\/\/agora.xtec.cat\/ceip-valdelors-vandellos\/wp-content\/uploads\/usu1532\/2024\/01\/1705436127840-1024x768.jpg\" alt=\"\" width=\"382\" height=\"286\" srcset=\"https:\/\/agora.xtec.cat\/ceip-valdelors-vandellos\/wp-content\/uploads\/usu1532\/2024\/01\/1705436127840-1024x768.jpg 1024w, https:\/\/agora.xtec.cat\/ceip-valdelors-vandellos\/wp-content\/uploads\/usu1532\/2024\/01\/1705436127840-300x225.jpg 300w, https:\/\/agora.xtec.cat\/ceip-valdelors-vandellos\/wp-content\/uploads\/usu1532\/2024\/01\/1705436127840-768x576.jpg 768w, https:\/\/agora.xtec.cat\/ceip-valdelors-vandellos\/wp-content\/uploads\/usu1532\/2024\/01\/1705436127840-1536x1152.jpg 1536w, https:\/\/agora.xtec.cat\/ceip-valdelors-vandellos\/wp-content\/uploads\/usu1532\/2024\/01\/1705436127840-200x150.jpg 200w, https:\/\/agora.xtec.cat\/ceip-valdelors-vandellos\/wp-content\/uploads\/usu1532\/2024\/01\/1705436127840.jpg 1600w\" sizes=\"auto, (max-width: 382px) 100vw, 382px\" \/><\/a> <a href=\"https:\/\/agora.xtec.cat\/ceip-valdelors-vandellos\/wp-content\/uploads\/usu1532\/2024\/01\/1705436127879.jpg\"><img loading=\"lazy\" decoding=\"async\" class=\"wp-image-9997 aligncenter\" src=\"https:\/\/agora.xtec.cat\/ceip-valdelors-vandellos\/wp-content\/uploads\/usu1532\/2024\/01\/1705436127879-1024x768.jpg\" alt=\"\" width=\"381\" height=\"286\" srcset=\"https:\/\/agora.xtec.cat\/ceip-valdelors-vandellos\/wp-content\/uploads\/usu1532\/2024\/01\/1705436127879-1024x768.jpg 1024w, https:\/\/agora.xtec.cat\/ceip-valdelors-vandellos\/wp-content\/uploads\/usu1532\/2024\/01\/1705436127879-300x225.jpg 300w, https:\/\/agora.xtec.cat\/ceip-valdelors-vandellos\/wp-content\/uploads\/usu1532\/2024\/01\/1705436127879-768x576.jpg 768w, https:\/\/agora.xtec.cat\/ceip-valdelors-vandellos\/wp-content\/uploads\/usu1532\/2024\/01\/1705436127879-1536x1152.jpg 1536w, https:\/\/agora.xtec.cat\/ceip-valdelors-vandellos\/wp-content\/uploads\/usu1532\/2024\/01\/1705436127879-200x150.jpg 200w, https:\/\/agora.xtec.cat\/ceip-valdelors-vandellos\/wp-content\/uploads\/usu1532\/2024\/01\/1705436127879.jpg 1600w\" sizes=\"auto, (max-width: 381px) 100vw, 381px\" \/><\/a><\/p>\n<p>Suposa adequar l&#8217;espai exterior a la nova mirada pedag\u00f2gica <strong>de l&#8217;Escola Valdelors<\/strong>. \u00c9s un projecte molt gran que suposar\u00e0 pel poble tenir un espai de joc obert a la comunitat educativa.<\/p>\n<p>Ja l&#8217;hem estrenat i ens fa molta il\u00b7lusi\u00f3, la comunitat del petits \u00e9s qui ha gaudir dels primers canvis importants.<\/p>\n<p style=\"text-align: center;\"><a href=\"https:\/\/www.youtube.com\/watch?v=ChTnx1R-Ew8\">https:\/\/www.youtube.com\/watch?v=ChTnx1R-Ew8<\/a><\/p>\n<blockquote><p>El projecte consta de tres fases. Estem molt contents d&#8217;estar cada dia, pas a pas, treballant com a comunitat educativa per tenir l&#8217;escola SOMIADA.<\/p>\n<h4>#FEM CAM\u00cd JUNTS<\/h4>\n<h4>#INFINITES GR\u00c0CIES\u00a0 totes i tots per fer possible tot aquest gran projecte d&#8217;escola.<\/h4>\n<\/blockquote>\n<p>&nbsp;<\/p>\n","protected":false},"excerpt":{"rendered":"<p>#INFINITES GR\u00c0CIES per fer possible, pas a pas, el projecte de pati somiat.&hellip;  <a href=\"https:\/\/agora.xtec.cat\/ceip-valdelors-vandellos\/portada\/el-pati-somiat\/\" title=\"Read EL PATI SOMIAT\">Llegeix m\u00e9s\u00bb<\/a><\/p>\n","protected":false},"author":6,"featured_media":10000,"comment_status":"open","ping_status":"closed","sticky":false,"template":"","format":"standard","meta":{"_bbp_topic_count":0,"_bbp_reply_count":0,"_bbp_total_topic_count":0,"_bbp_total_reply_count":0,"_bbp_voice_count":0,"_bbp_anonymous_reply_count":0,"_bbp_topic_count_hidden":0,"_bbp_reply_count_hidden":0,"_bbp_forum_subforum_count":0,"footnotes":""},"categories":[68,60,59,58,61,4],"tags":[127,93],"class_list":["post-9995","post","type-post","status-publish","format-standard","has-post-thumbnail","hentry","category-afa","category-cicle-superior-i-4t","category-cicle-inicial-i-3r","category-educacio-infantil","category-families","category-portada","tag-el-pati","tag-fem-cami"],"post_mailing_queue_ids":[],"_links":{"self":[{"href":"https:\/\/agora.xtec.cat\/ceip-valdelors-vandellos\/wp-json\/wp\/v2\/posts\/9995","targetHints":{"allow":["GET"]}}],"collection":[{"href":"https:\/\/agora.xtec.cat\/ceip-valdelors-vandellos\/wp-json\/wp\/v2\/posts"}],"about":[{"href":"https:\/\/agora.xtec.cat\/ceip-valdelors-vandellos\/wp-json\/wp\/v2\/types\/post"}],"author":[{"embeddable":true,"href":"https:\/\/agora.xtec.cat\/ceip-valdelors-vandellos\/wp-json\/wp\/v2\/users\/6"}],"replies":[{"embeddable":true,"href":"https:\/\/agora.xtec.cat\/ceip-valdelors-vandellos\/wp-json\/wp\/v2\/comments?post=9995"}],"version-history":[{"count":2,"href":"https:\/\/agora.xtec.cat\/ceip-valdelors-vandellos\/wp-json\/wp\/v2\/posts\/9995\/revisions"}],"predecessor-version":[{"id":10003,"href":"https:\/\/agora.xtec.cat\/ceip-valdelors-vandellos\/wp-json\/wp\/v2\/posts\/9995\/revisions\/10003"}],"wp:featuredmedia":[{"embeddable":true,"href":"https:\/\/agora.xtec.cat\/ceip-valdelors-vandellos\/wp-json\/wp\/v2\/media\/10000"}],"wp:attachment":[{"href":"https:\/\/agora.xtec.cat\/ceip-valdelors-vandellos\/wp-json\/wp\/v2\/media?parent=9995"}],"wp:term":[{"taxonomy":"category","embeddable":true,"href":"https:\/\/agora.xtec.cat\/ceip-valdelors-vandellos\/wp-json\/wp\/v2\/categories?post=9995"},{"taxonomy":"post_tag","embeddable":true,"href":"https:\/\/agora.xtec.cat\/ceip-valdelors-vandellos\/wp-json\/wp\/v2\/tags?post=9995"}],"curies":[{"name":"wp","href":"https:\/\/api.w.org\/{rel}","templated":true}]}}