{"id":9675,"date":"2023-12-10T18:44:41","date_gmt":"2023-12-10T17:44:41","guid":{"rendered":"https:\/\/agora.xtec.cat\/ceip-valdelors-vandellos\/?p=9675"},"modified":"2023-12-10T18:44:52","modified_gmt":"2023-12-10T17:44:52","slug":"cursa-solidaria-save-the-children","status":"publish","type":"post","link":"https:\/\/agora.xtec.cat\/ceip-valdelors-vandellos\/portada\/cursa-solidaria-save-the-children\/","title":{"rendered":"CURSA SOLID\u00c0RIA SAVE THE CHILDREN"},"content":{"rendered":"<p>El passat dimecres 5 de desembre vam participar a la cursa solid\u00e0ria que <strong>organitza l&#8217;IES Berenguer d&#8217;Enten\u00e7a,<\/strong> l&#8217;equip d&#8217;educaci\u00f3 f\u00edsica per tal de sensibilitzar l&#8217;alumnat per aquest fet tant important.<\/p>\n<p><a href=\"https:\/\/agora.xtec.cat\/ceip-valdelors-vandellos\/wp-content\/uploads\/usu1532\/2023\/12\/Cursa-Hospitalet-e1702229963360.jpg\"><img loading=\"lazy\" decoding=\"async\" class=\" wp-image-9680 aligncenter\" src=\"https:\/\/agora.xtec.cat\/ceip-valdelors-vandellos\/wp-content\/uploads\/usu1532\/2023\/12\/Cursa-Hospitalet-e1702229963360.jpg\" alt=\"\" width=\"726\" height=\"517\" srcset=\"https:\/\/agora.xtec.cat\/ceip-valdelors-vandellos\/wp-content\/uploads\/usu1532\/2023\/12\/Cursa-Hospitalet-e1702229963360.jpg 692w, https:\/\/agora.xtec.cat\/ceip-valdelors-vandellos\/wp-content\/uploads\/usu1532\/2023\/12\/Cursa-Hospitalet-e1702229963360-300x214.jpg 300w\" sizes=\"auto, (max-width: 726px) 100vw, 726px\" \/><\/a><\/p>\n<blockquote><p>Els alumnes van realitzar una cursa per relleus s<strong>umant 6km solidaris entre totes i tots.<\/strong> Per recuperar forces i veure que la falta d&#8217;aliment no ens ajuda a la nostra salut. Vam recuperar forces amb aigua i una barreta energ\u00e8tica.<\/p><\/blockquote>\n<p>&nbsp;<\/p>\n<p><a href=\"https:\/\/agora.xtec.cat\/ceip-valdelors-vandellos\/wp-content\/uploads\/usu1532\/2023\/12\/Cursa-2.jpg\"><img loading=\"lazy\" decoding=\"async\" class=\"aligncenter wp-image-9676 \" src=\"https:\/\/agora.xtec.cat\/ceip-valdelors-vandellos\/wp-content\/uploads\/usu1532\/2023\/12\/Cursa-2-e1702230082967.jpg\" alt=\"\" width=\"309\" height=\"469\" srcset=\"https:\/\/agora.xtec.cat\/ceip-valdelors-vandellos\/wp-content\/uploads\/usu1532\/2023\/12\/Cursa-2-e1702230082967.jpg 273w, https:\/\/agora.xtec.cat\/ceip-valdelors-vandellos\/wp-content\/uploads\/usu1532\/2023\/12\/Cursa-2-e1702230082967-198x300.jpg 198w\" sizes=\"auto, (max-width: 309px) 100vw, 309px\" \/><\/a><\/p>\n<p>&nbsp;<\/p>\n<p>Els alumnes van recollir diners a l&#8217;escola i podem fer <strong>un ingr\u00e9s de 222,50\u20ac de la tasca solid\u00e0ria<\/strong> que hem fet al Valdelors. Petits per\u00f2 solidaris, gr\u00e0cies a totes i tots que heu ajudat a aquesta activitat.<\/p>\n<p><a href=\"https:\/\/agora.xtec.cat\/ceip-valdelors-vandellos\/wp-content\/uploads\/usu1532\/2023\/12\/Cursa-5.jpg\"><img loading=\"lazy\" decoding=\"async\" class=\"aligncenter wp-image-9679 \" src=\"https:\/\/agora.xtec.cat\/ceip-valdelors-vandellos\/wp-content\/uploads\/usu1532\/2023\/12\/Cursa-5-e1702230021332.jpg\" alt=\"\" width=\"488\" height=\"478\" \/><\/a><a href=\"https:\/\/agora.xtec.cat\/ceip-valdelors-vandellos\/wp-content\/uploads\/usu1532\/2023\/12\/Cursa-3.jpg\"><img loading=\"lazy\" decoding=\"async\" class=\"wp-image-9677 aligncenter\" src=\"https:\/\/agora.xtec.cat\/ceip-valdelors-vandellos\/wp-content\/uploads\/usu1532\/2023\/12\/Cursa-3-1024x461.jpg\" alt=\"\" width=\"649\" height=\"292\" srcset=\"https:\/\/agora.xtec.cat\/ceip-valdelors-vandellos\/wp-content\/uploads\/usu1532\/2023\/12\/Cursa-3-1024x461.jpg 1024w, https:\/\/agora.xtec.cat\/ceip-valdelors-vandellos\/wp-content\/uploads\/usu1532\/2023\/12\/Cursa-3-300x135.jpg 300w, https:\/\/agora.xtec.cat\/ceip-valdelors-vandellos\/wp-content\/uploads\/usu1532\/2023\/12\/Cursa-3-768x346.jpg 768w, https:\/\/agora.xtec.cat\/ceip-valdelors-vandellos\/wp-content\/uploads\/usu1532\/2023\/12\/Cursa-3.jpg 1349w\" sizes=\"auto, (max-width: 649px) 100vw, 649px\" \/><\/a><\/p>\n","protected":false},"excerpt":{"rendered":"<p>Cursa solid\u00e0ria SAVE THE CHILDREN. Organitzada per IES Berenguer d&#8217;Enten\u00e7a. &hellip;  <a href=\"https:\/\/agora.xtec.cat\/ceip-valdelors-vandellos\/portada\/cursa-solidaria-save-the-children\/\" title=\"Read CURSA SOLID\u00c0RIA SAVE THE CHILDREN\">Llegeix m\u00e9s\u00bb<\/a><\/p>\n","protected":false},"author":6,"featured_media":9680,"comment_status":"open","ping_status":"closed","sticky":false,"template":"","format":"standard","meta":{"_bbp_topic_count":0,"_bbp_reply_count":0,"_bbp_total_topic_count":0,"_bbp_total_reply_count":0,"_bbp_voice_count":0,"_bbp_anonymous_reply_count":0,"_bbp_topic_count_hidden":0,"_bbp_reply_count_hidden":0,"_bbp_forum_subforum_count":0,"footnotes":""},"categories":[60,59,58,61,4],"tags":[91,97,89],"class_list":["post-9675","post","type-post","status-publish","format-standard","has-post-thumbnail","hentry","category-cicle-superior-i-4t","category-cicle-inicial-i-3r","category-educacio-infantil","category-families","category-portada","tag-projectes","tag-treball-del-ods","tag-treball-en-equip"],"post_mailing_queue_ids":[],"_links":{"self":[{"href":"https:\/\/agora.xtec.cat\/ceip-valdelors-vandellos\/wp-json\/wp\/v2\/posts\/9675","targetHints":{"allow":["GET"]}}],"collection":[{"href":"https:\/\/agora.xtec.cat\/ceip-valdelors-vandellos\/wp-json\/wp\/v2\/posts"}],"about":[{"href":"https:\/\/agora.xtec.cat\/ceip-valdelors-vandellos\/wp-json\/wp\/v2\/types\/post"}],"author":[{"embeddable":true,"href":"https:\/\/agora.xtec.cat\/ceip-valdelors-vandellos\/wp-json\/wp\/v2\/users\/6"}],"replies":[{"embeddable":true,"href":"https:\/\/agora.xtec.cat\/ceip-valdelors-vandellos\/wp-json\/wp\/v2\/comments?post=9675"}],"version-history":[{"count":2,"href":"https:\/\/agora.xtec.cat\/ceip-valdelors-vandellos\/wp-json\/wp\/v2\/posts\/9675\/revisions"}],"predecessor-version":[{"id":9682,"href":"https:\/\/agora.xtec.cat\/ceip-valdelors-vandellos\/wp-json\/wp\/v2\/posts\/9675\/revisions\/9682"}],"wp:featuredmedia":[{"embeddable":true,"href":"https:\/\/agora.xtec.cat\/ceip-valdelors-vandellos\/wp-json\/wp\/v2\/media\/9680"}],"wp:attachment":[{"href":"https:\/\/agora.xtec.cat\/ceip-valdelors-vandellos\/wp-json\/wp\/v2\/media?parent=9675"}],"wp:term":[{"taxonomy":"category","embeddable":true,"href":"https:\/\/agora.xtec.cat\/ceip-valdelors-vandellos\/wp-json\/wp\/v2\/categories?post=9675"},{"taxonomy":"post_tag","embeddable":true,"href":"https:\/\/agora.xtec.cat\/ceip-valdelors-vandellos\/wp-json\/wp\/v2\/tags?post=9675"}],"curies":[{"name":"wp","href":"https:\/\/api.w.org\/{rel}","templated":true}]}}