{"id":8384,"date":"2023-06-11T11:07:02","date_gmt":"2023-06-11T09:07:02","guid":{"rendered":"https:\/\/agora.xtec.cat\/ceip-valdelors-vandellos\/?p=8384"},"modified":"2023-06-11T11:11:42","modified_gmt":"2023-06-11T09:11:42","slug":"el-correllegua-a-vandellos","status":"publish","type":"post","link":"https:\/\/agora.xtec.cat\/ceip-valdelors-vandellos\/portada\/el-correllegua-a-vandellos\/","title":{"rendered":"EL CORRELLENGUA a Vandell\u00f2s"},"content":{"rendered":"<p>Ahir va tenir lloc el Correllengua a Vandell\u00f2s. L&#8217;escola amb l&#8217;objectiu de col\u00b7laborar amb la promoci\u00f3 i ensenyament del \u00e0mbit ling\u00fc\u00edstic va\u00a0 participar en l&#8217;acte.<\/p>\n<p><a href=\"https:\/\/agora.xtec.cat\/ceip-valdelors-vandellos\/wp-content\/uploads\/usu1532\/2023\/06\/IMG-20230610-WA0018.jpg\"><img loading=\"lazy\" decoding=\"async\" class=\"wp-image-8385 aligncenter\" src=\"https:\/\/agora.xtec.cat\/ceip-valdelors-vandellos\/wp-content\/uploads\/usu1532\/2023\/06\/IMG-20230610-WA0018-1024x768.jpg\" alt=\"\" width=\"633\" height=\"475\" srcset=\"https:\/\/agora.xtec.cat\/ceip-valdelors-vandellos\/wp-content\/uploads\/usu1532\/2023\/06\/IMG-20230610-WA0018-1024x768.jpg 1024w, https:\/\/agora.xtec.cat\/ceip-valdelors-vandellos\/wp-content\/uploads\/usu1532\/2023\/06\/IMG-20230610-WA0018-300x225.jpg 300w, https:\/\/agora.xtec.cat\/ceip-valdelors-vandellos\/wp-content\/uploads\/usu1532\/2023\/06\/IMG-20230610-WA0018-768x576.jpg 768w, https:\/\/agora.xtec.cat\/ceip-valdelors-vandellos\/wp-content\/uploads\/usu1532\/2023\/06\/IMG-20230610-WA0018-1536x1152.jpg 1536w, https:\/\/agora.xtec.cat\/ceip-valdelors-vandellos\/wp-content\/uploads\/usu1532\/2023\/06\/IMG-20230610-WA0018-200x150.jpg 200w, https:\/\/agora.xtec.cat\/ceip-valdelors-vandellos\/wp-content\/uploads\/usu1532\/2023\/06\/IMG-20230610-WA0018.jpg 1600w\" sizes=\"auto, (max-width: 633px) 100vw, 633px\" \/><\/a><\/p>\n<p>Un petit grup d&#8217;alumnes, de la comunitat dels grans, va fer una lectura de poemes de <strong>Joan Brossa,<\/strong> poeta catal\u00e0 que aquest any era dedicat pel\u00a0 correllengua.<\/p>\n<p><a href=\"https:\/\/agora.xtec.cat\/ceip-valdelors-vandellos\/wp-content\/uploads\/usu1532\/2023\/06\/IMG-20230610-WA0017.jpg\"><img loading=\"lazy\" decoding=\"async\" class=\"wp-image-8386 aligncenter\" src=\"https:\/\/agora.xtec.cat\/ceip-valdelors-vandellos\/wp-content\/uploads\/usu1532\/2023\/06\/IMG-20230610-WA0017-1024x768.jpg\" alt=\"\" width=\"660\" height=\"495\" srcset=\"https:\/\/agora.xtec.cat\/ceip-valdelors-vandellos\/wp-content\/uploads\/usu1532\/2023\/06\/IMG-20230610-WA0017-1024x768.jpg 1024w, https:\/\/agora.xtec.cat\/ceip-valdelors-vandellos\/wp-content\/uploads\/usu1532\/2023\/06\/IMG-20230610-WA0017-300x225.jpg 300w, https:\/\/agora.xtec.cat\/ceip-valdelors-vandellos\/wp-content\/uploads\/usu1532\/2023\/06\/IMG-20230610-WA0017-768x576.jpg 768w, https:\/\/agora.xtec.cat\/ceip-valdelors-vandellos\/wp-content\/uploads\/usu1532\/2023\/06\/IMG-20230610-WA0017-1536x1152.jpg 1536w, https:\/\/agora.xtec.cat\/ceip-valdelors-vandellos\/wp-content\/uploads\/usu1532\/2023\/06\/IMG-20230610-WA0017-200x150.jpg 200w, https:\/\/agora.xtec.cat\/ceip-valdelors-vandellos\/wp-content\/uploads\/usu1532\/2023\/06\/IMG-20230610-WA0017.jpg 1600w\" sizes=\"auto, (max-width: 660px) 100vw, 660px\" \/><\/a><\/p>\n<h4 style=\"text-align: center;\"><strong>Moltes felicitats alumnes!!<\/strong><\/h4>\n<p>Sabem que ho vau fer molt b\u00e9. Alguns dels alumnes fa molt poc temps que viuen i estudien a Vandell\u00f2s. Amb aquesta lectura davant de tot el poble vau demostrar la import\u00e0ncia de <strong>L&#8217;ESCOLA, SEMPRE EN CATAL\u00c0.<\/strong><\/p>\n<p>&nbsp;<\/p>\n<p>&nbsp;<\/p>\n","protected":false},"excerpt":{"rendered":"<p>L&#8217;escola sempre EN CATAL\u00c0. Acte de lectura de poemes per part de l&#8217;alumnat de la comunitat dels grans.&hellip;  <a href=\"https:\/\/agora.xtec.cat\/ceip-valdelors-vandellos\/portada\/el-correllegua-a-vandellos\/\" title=\"Read EL CORRELLENGUA a Vandell\u00f2s\">Llegeix m\u00e9s\u00bb<\/a><\/p>\n","protected":false},"author":6,"featured_media":8386,"comment_status":"open","ping_status":"closed","sticky":false,"template":"","format":"standard","meta":{"_bbp_topic_count":0,"_bbp_reply_count":0,"_bbp_total_topic_count":0,"_bbp_total_reply_count":0,"_bbp_voice_count":0,"_bbp_anonymous_reply_count":0,"_bbp_topic_count_hidden":0,"_bbp_reply_count_hidden":0,"_bbp_forum_subforum_count":0,"footnotes":""},"categories":[60,4],"tags":[93,82],"class_list":["post-8384","post","type-post","status-publish","format-standard","has-post-thumbnail","hentry","category-cicle-superior-i-4t","category-portada","tag-fem-cami","tag-orgullosos"],"post_mailing_queue_ids":[],"_links":{"self":[{"href":"https:\/\/agora.xtec.cat\/ceip-valdelors-vandellos\/wp-json\/wp\/v2\/posts\/8384","targetHints":{"allow":["GET"]}}],"collection":[{"href":"https:\/\/agora.xtec.cat\/ceip-valdelors-vandellos\/wp-json\/wp\/v2\/posts"}],"about":[{"href":"https:\/\/agora.xtec.cat\/ceip-valdelors-vandellos\/wp-json\/wp\/v2\/types\/post"}],"author":[{"embeddable":true,"href":"https:\/\/agora.xtec.cat\/ceip-valdelors-vandellos\/wp-json\/wp\/v2\/users\/6"}],"replies":[{"embeddable":true,"href":"https:\/\/agora.xtec.cat\/ceip-valdelors-vandellos\/wp-json\/wp\/v2\/comments?post=8384"}],"version-history":[{"count":2,"href":"https:\/\/agora.xtec.cat\/ceip-valdelors-vandellos\/wp-json\/wp\/v2\/posts\/8384\/revisions"}],"predecessor-version":[{"id":8388,"href":"https:\/\/agora.xtec.cat\/ceip-valdelors-vandellos\/wp-json\/wp\/v2\/posts\/8384\/revisions\/8388"}],"wp:featuredmedia":[{"embeddable":true,"href":"https:\/\/agora.xtec.cat\/ceip-valdelors-vandellos\/wp-json\/wp\/v2\/media\/8386"}],"wp:attachment":[{"href":"https:\/\/agora.xtec.cat\/ceip-valdelors-vandellos\/wp-json\/wp\/v2\/media?parent=8384"}],"wp:term":[{"taxonomy":"category","embeddable":true,"href":"https:\/\/agora.xtec.cat\/ceip-valdelors-vandellos\/wp-json\/wp\/v2\/categories?post=8384"},{"taxonomy":"post_tag","embeddable":true,"href":"https:\/\/agora.xtec.cat\/ceip-valdelors-vandellos\/wp-json\/wp\/v2\/tags?post=8384"}],"curies":[{"name":"wp","href":"https:\/\/api.w.org\/{rel}","templated":true}]}}