{"id":6240,"date":"2022-09-03T22:45:29","date_gmt":"2022-09-03T20:45:29","guid":{"rendered":"https:\/\/agora.xtec.cat\/ceip-valdelors-vandellos\/?p=6240"},"modified":"2022-10-21T11:37:57","modified_gmt":"2022-10-21T09:37:57","slug":"la-importancia-duna-nova-mirada","status":"publish","type":"post","link":"https:\/\/agora.xtec.cat\/ceip-valdelors-vandellos\/general\/la-importancia-duna-nova-mirada\/","title":{"rendered":"LA IMPORT\u00c0NCIA D&#8217;UNA  NOVA MIRADA"},"content":{"rendered":"<p>EDUQUEM des del cor. Els valors de l&#8217;escola, la import\u00e0ncia de les oportunitat i de la creativitat.<\/p>\n<p>Us passem l&#8217;enlla\u00e7 dels v\u00eddeos que vam veure a la reuni\u00f3 de pares.<\/p>\n<p><strong><a href=\"https:\/\/www.youtube.com\/watch?v=WNHw5eVzv5U\">L&#8217;educaci\u00f3 \u00e9s un privilegi<\/a><\/strong><\/p>\n<p><a href=\"https:\/\/www.youtube.com\/watch?v=Isd5ZPkZLP8\"><strong>L&#8217;escola d&#8217;avui<\/strong><\/a><\/p>\n<p><a href=\"https:\/\/www.youtube.com\/watch?v=Isd5ZPkZLP8\"><strong>La creativitat<\/strong><\/a><\/p>\n","protected":false},"excerpt":{"rendered":"<p>EDUQUEM des del cor. Els valors de l&#8217;escola, la import\u00e0ncia de les oportunitat i de la creativitat.<br \/>\nUs passem l&#8217;enlla\u00e7 dels v\u00eddeos que vam veure a la reuni\u00f3 de pares.<br \/>\n<a href=\"https:\/\/www.youtube.com\/watch?v=WNHw5eVzv5U\">L&#8217;educaci\u00f3 \u00e9s un privilegi<\/a><br \/>\n<a href=\"https:\/\/www.youtube.com\/watch?v=Isd5ZPkZLP8\">L&#8217;escola d&#8217;avui<\/a><br \/>\n<a href=\"https:\/\/www.youtube.com\/watch?v=Isd5ZPkZLP8\">La creativitat<\/a><\/p>\n","protected":false},"author":6,"featured_media":6217,"comment_status":"open","ping_status":"closed","sticky":false,"template":"","format":"standard","meta":{"_bbp_topic_count":0,"_bbp_reply_count":0,"_bbp_total_topic_count":0,"_bbp_total_reply_count":0,"_bbp_voice_count":0,"_bbp_anonymous_reply_count":0,"_bbp_topic_count_hidden":0,"_bbp_reply_count_hidden":0,"_bbp_forum_subforum_count":0,"footnotes":""},"categories":[61,1,4],"tags":[],"class_list":["post-6240","post","type-post","status-publish","format-standard","has-post-thumbnail","hentry","category-families","category-general","category-portada"],"post_mailing_queue_ids":[],"_links":{"self":[{"href":"https:\/\/agora.xtec.cat\/ceip-valdelors-vandellos\/wp-json\/wp\/v2\/posts\/6240","targetHints":{"allow":["GET"]}}],"collection":[{"href":"https:\/\/agora.xtec.cat\/ceip-valdelors-vandellos\/wp-json\/wp\/v2\/posts"}],"about":[{"href":"https:\/\/agora.xtec.cat\/ceip-valdelors-vandellos\/wp-json\/wp\/v2\/types\/post"}],"author":[{"embeddable":true,"href":"https:\/\/agora.xtec.cat\/ceip-valdelors-vandellos\/wp-json\/wp\/v2\/users\/6"}],"replies":[{"embeddable":true,"href":"https:\/\/agora.xtec.cat\/ceip-valdelors-vandellos\/wp-json\/wp\/v2\/comments?post=6240"}],"version-history":[{"count":2,"href":"https:\/\/agora.xtec.cat\/ceip-valdelors-vandellos\/wp-json\/wp\/v2\/posts\/6240\/revisions"}],"predecessor-version":[{"id":6373,"href":"https:\/\/agora.xtec.cat\/ceip-valdelors-vandellos\/wp-json\/wp\/v2\/posts\/6240\/revisions\/6373"}],"wp:featuredmedia":[{"embeddable":true,"href":"https:\/\/agora.xtec.cat\/ceip-valdelors-vandellos\/wp-json\/wp\/v2\/media\/6217"}],"wp:attachment":[{"href":"https:\/\/agora.xtec.cat\/ceip-valdelors-vandellos\/wp-json\/wp\/v2\/media?parent=6240"}],"wp:term":[{"taxonomy":"category","embeddable":true,"href":"https:\/\/agora.xtec.cat\/ceip-valdelors-vandellos\/wp-json\/wp\/v2\/categories?post=6240"},{"taxonomy":"post_tag","embeddable":true,"href":"https:\/\/agora.xtec.cat\/ceip-valdelors-vandellos\/wp-json\/wp\/v2\/tags?post=6240"}],"curies":[{"name":"wp","href":"https:\/\/api.w.org\/{rel}","templated":true}]}}