{"id":6206,"date":"2022-09-03T19:38:35","date_gmt":"2022-09-03T17:38:35","guid":{"rendered":"https:\/\/agora.xtec.cat\/ceip-valdelors-vandellos\/?p=6206"},"modified":"2022-09-03T19:39:16","modified_gmt":"2022-09-03T17:39:16","slug":"menu-del-restaurant-de-lescola","status":"publish","type":"post","link":"https:\/\/agora.xtec.cat\/ceip-valdelors-vandellos\/general\/menu-del-restaurant-de-lescola\/","title":{"rendered":"MEN\u00da DEL RESTAURANT DE L&#8217;ESCOLA"},"content":{"rendered":"<p>Us fem arribar el men\u00fa escolar del primer trimestre, EL RESTAURANT trobareu la Sara i la Maribel , que ens cuiden a tots molt b\u00e9.<\/p>\n<p><img loading=\"lazy\" decoding=\"async\" class=\"alignnone size-large wp-image-6209\" src=\"https:\/\/agora.xtec.cat\/ceip-valdelors-vandellos\/wp-content\/uploads\/usu1532\/2022\/09\/Menu-Escola-Valdelors-SETEMBREjpg-1024x499.jpg\" alt=\"\" width=\"1024\" height=\"499\" srcset=\"https:\/\/agora.xtec.cat\/ceip-valdelors-vandellos\/wp-content\/uploads\/usu1532\/2022\/09\/Menu-Escola-Valdelors-SETEMBREjpg-1024x499.jpg 1024w, https:\/\/agora.xtec.cat\/ceip-valdelors-vandellos\/wp-content\/uploads\/usu1532\/2022\/09\/Menu-Escola-Valdelors-SETEMBREjpg-300x146.jpg 300w, https:\/\/agora.xtec.cat\/ceip-valdelors-vandellos\/wp-content\/uploads\/usu1532\/2022\/09\/Menu-Escola-Valdelors-SETEMBREjpg-768x374.jpg 768w, https:\/\/agora.xtec.cat\/ceip-valdelors-vandellos\/wp-content\/uploads\/usu1532\/2022\/09\/Menu-Escola-Valdelors-SETEMBREjpg.jpg 1326w\" sizes=\"auto, (max-width: 1024px) 100vw, 1024px\" \/> <img loading=\"lazy\" decoding=\"async\" class=\"alignnone size-large wp-image-6210\" src=\"https:\/\/agora.xtec.cat\/ceip-valdelors-vandellos\/wp-content\/uploads\/usu1532\/2022\/09\/Menu-Escola-Valdelors-OCTUBRE-1024x485.jpg\" alt=\"\" width=\"1024\" height=\"485\" srcset=\"https:\/\/agora.xtec.cat\/ceip-valdelors-vandellos\/wp-content\/uploads\/usu1532\/2022\/09\/Menu-Escola-Valdelors-OCTUBRE-1024x485.jpg 1024w, https:\/\/agora.xtec.cat\/ceip-valdelors-vandellos\/wp-content\/uploads\/usu1532\/2022\/09\/Menu-Escola-Valdelors-OCTUBRE-300x142.jpg 300w, https:\/\/agora.xtec.cat\/ceip-valdelors-vandellos\/wp-content\/uploads\/usu1532\/2022\/09\/Menu-Escola-Valdelors-OCTUBRE-768x364.jpg 768w, https:\/\/agora.xtec.cat\/ceip-valdelors-vandellos\/wp-content\/uploads\/usu1532\/2022\/09\/Menu-Escola-Valdelors-OCTUBRE.jpg 1330w\" sizes=\"auto, (max-width: 1024px) 100vw, 1024px\" \/><\/p>\n<p><img loading=\"lazy\" decoding=\"async\" class=\"alignnone size-full wp-image-6208\" src=\"https:\/\/agora.xtec.cat\/ceip-valdelors-vandellos\/wp-content\/uploads\/usu1532\/2022\/09\/Menu-Escola-Valdelors-NOVEMBRE.jpg\" alt=\"\" width=\"839\" height=\"587\" srcset=\"https:\/\/agora.xtec.cat\/ceip-valdelors-vandellos\/wp-content\/uploads\/usu1532\/2022\/09\/Menu-Escola-Valdelors-NOVEMBRE.jpg 839w, https:\/\/agora.xtec.cat\/ceip-valdelors-vandellos\/wp-content\/uploads\/usu1532\/2022\/09\/Menu-Escola-Valdelors-NOVEMBRE-300x210.jpg 300w, https:\/\/agora.xtec.cat\/ceip-valdelors-vandellos\/wp-content\/uploads\/usu1532\/2022\/09\/Menu-Escola-Valdelors-NOVEMBRE-768x537.jpg 768w\" sizes=\"auto, (max-width: 839px) 100vw, 839px\" \/> <img loading=\"lazy\" decoding=\"async\" class=\"alignnone size-full wp-image-6207\" src=\"https:\/\/agora.xtec.cat\/ceip-valdelors-vandellos\/wp-content\/uploads\/usu1532\/2022\/09\/Menu-Escola-Valdelors-DESEMBRE.jpg\" alt=\"\" width=\"835\" height=\"585\" srcset=\"https:\/\/agora.xtec.cat\/ceip-valdelors-vandellos\/wp-content\/uploads\/usu1532\/2022\/09\/Menu-Escola-Valdelors-DESEMBRE.jpg 835w, https:\/\/agora.xtec.cat\/ceip-valdelors-vandellos\/wp-content\/uploads\/usu1532\/2022\/09\/Menu-Escola-Valdelors-DESEMBRE-300x210.jpg 300w, https:\/\/agora.xtec.cat\/ceip-valdelors-vandellos\/wp-content\/uploads\/usu1532\/2022\/09\/Menu-Escola-Valdelors-DESEMBRE-768x538.jpg 768w\" sizes=\"auto, (max-width: 835px) 100vw, 835px\" \/><\/p>\n","protected":false},"excerpt":{"rendered":"<p>Us fem arribar el men\u00fa escolar del primer trimestre, EL RESTAURANT trobareu la Sara i la Maribel , que ens cuiden a tots molt b\u00e9.<\/p>\n","protected":false},"author":6,"featured_media":6211,"comment_status":"open","ping_status":"closed","sticky":false,"template":"","format":"standard","meta":{"_bbp_topic_count":0,"_bbp_reply_count":0,"_bbp_total_topic_count":0,"_bbp_total_reply_count":0,"_bbp_voice_count":0,"_bbp_anonymous_reply_count":0,"_bbp_topic_count_hidden":0,"_bbp_reply_count_hidden":0,"_bbp_forum_subforum_count":0,"footnotes":""},"categories":[61,1,4,92],"tags":[],"class_list":["post-6206","post","type-post","status-publish","format-standard","has-post-thumbnail","hentry","category-families","category-general","category-portada","category-servei-de-menjador"],"post_mailing_queue_ids":[],"_links":{"self":[{"href":"https:\/\/agora.xtec.cat\/ceip-valdelors-vandellos\/wp-json\/wp\/v2\/posts\/6206","targetHints":{"allow":["GET"]}}],"collection":[{"href":"https:\/\/agora.xtec.cat\/ceip-valdelors-vandellos\/wp-json\/wp\/v2\/posts"}],"about":[{"href":"https:\/\/agora.xtec.cat\/ceip-valdelors-vandellos\/wp-json\/wp\/v2\/types\/post"}],"author":[{"embeddable":true,"href":"https:\/\/agora.xtec.cat\/ceip-valdelors-vandellos\/wp-json\/wp\/v2\/users\/6"}],"replies":[{"embeddable":true,"href":"https:\/\/agora.xtec.cat\/ceip-valdelors-vandellos\/wp-json\/wp\/v2\/comments?post=6206"}],"version-history":[{"count":1,"href":"https:\/\/agora.xtec.cat\/ceip-valdelors-vandellos\/wp-json\/wp\/v2\/posts\/6206\/revisions"}],"predecessor-version":[{"id":6212,"href":"https:\/\/agora.xtec.cat\/ceip-valdelors-vandellos\/wp-json\/wp\/v2\/posts\/6206\/revisions\/6212"}],"wp:featuredmedia":[{"embeddable":true,"href":"https:\/\/agora.xtec.cat\/ceip-valdelors-vandellos\/wp-json\/wp\/v2\/media\/6211"}],"wp:attachment":[{"href":"https:\/\/agora.xtec.cat\/ceip-valdelors-vandellos\/wp-json\/wp\/v2\/media?parent=6206"}],"wp:term":[{"taxonomy":"category","embeddable":true,"href":"https:\/\/agora.xtec.cat\/ceip-valdelors-vandellos\/wp-json\/wp\/v2\/categories?post=6206"},{"taxonomy":"post_tag","embeddable":true,"href":"https:\/\/agora.xtec.cat\/ceip-valdelors-vandellos\/wp-json\/wp\/v2\/tags?post=6206"}],"curies":[{"name":"wp","href":"https:\/\/api.w.org\/{rel}","templated":true}]}}