{"id":3075,"date":"2021-01-29T11:16:33","date_gmt":"2021-01-29T10:16:33","guid":{"rendered":"http:\/\/agora.xtec.cat\/ceip-valdelors-vandellos\/?p=3075"},"modified":"2021-01-29T11:16:33","modified_gmt":"2021-01-29T10:16:33","slug":"lipdub-pel-dia-de-la-pau","status":"publish","type":"post","link":"https:\/\/agora.xtec.cat\/ceip-valdelors-vandellos\/general\/lipdub-pel-dia-de-la-pau\/","title":{"rendered":"LIPDUB PEL DIA DE LA PAU"},"content":{"rendered":"<p>Els nens i nenes de l\u2019Escola Valdelors han realitzat un lipdub per celebrar el dia de la pau amb la can\u00e7\u00f3 \u2018\u2019Obrim les portes\u2019\u2019 de Txarango. Han gaudit molt i s\u2019ho han passat d\u2019all\u00f2 m\u00e9s b\u00e9!<\/p>\n<p><a href=\"https:\/\/youtu.be\/6cWNrou_HvQ\">https:\/\/youtu.be\/6cWNrou_HvQ<\/a><\/p>\n","protected":false},"excerpt":{"rendered":"<p>Els nens i nenes de l\u2019Escola Valdelors han realitzat un lipdub per celebrar el dia de la pau amb la can\u00e7\u00f3 \u2018\u2019Obrim les portes\u2019\u2019 de Txarango.&hellip;  <a href=\"https:\/\/agora.xtec.cat\/ceip-valdelors-vandellos\/general\/lipdub-pel-dia-de-la-pau\/\" title=\"Read LIPDUB PEL DIA DE LA PAU\">Llegeix m\u00e9s\u00bb<\/a><\/p>\n","protected":false},"author":6,"featured_media":3076,"comment_status":"open","ping_status":"closed","sticky":false,"template":"","format":"standard","meta":{"_bbp_topic_count":0,"_bbp_reply_count":0,"_bbp_total_topic_count":0,"_bbp_total_reply_count":0,"_bbp_voice_count":0,"_bbp_anonymous_reply_count":0,"_bbp_topic_count_hidden":0,"_bbp_reply_count_hidden":0,"_bbp_forum_subforum_count":0,"footnotes":""},"categories":[68,62,60,59,58,61,1,4],"tags":[],"class_list":["post-3075","post","type-post","status-publish","format-standard","has-post-thumbnail","hentry","category-afa","category-biblioteca","category-cicle-superior-i-4t","category-cicle-inicial-i-3r","category-educacio-infantil","category-families","category-general","category-portada"],"post_mailing_queue_ids":[],"_links":{"self":[{"href":"https:\/\/agora.xtec.cat\/ceip-valdelors-vandellos\/wp-json\/wp\/v2\/posts\/3075","targetHints":{"allow":["GET"]}}],"collection":[{"href":"https:\/\/agora.xtec.cat\/ceip-valdelors-vandellos\/wp-json\/wp\/v2\/posts"}],"about":[{"href":"https:\/\/agora.xtec.cat\/ceip-valdelors-vandellos\/wp-json\/wp\/v2\/types\/post"}],"author":[{"embeddable":true,"href":"https:\/\/agora.xtec.cat\/ceip-valdelors-vandellos\/wp-json\/wp\/v2\/users\/6"}],"replies":[{"embeddable":true,"href":"https:\/\/agora.xtec.cat\/ceip-valdelors-vandellos\/wp-json\/wp\/v2\/comments?post=3075"}],"version-history":[{"count":1,"href":"https:\/\/agora.xtec.cat\/ceip-valdelors-vandellos\/wp-json\/wp\/v2\/posts\/3075\/revisions"}],"predecessor-version":[{"id":3077,"href":"https:\/\/agora.xtec.cat\/ceip-valdelors-vandellos\/wp-json\/wp\/v2\/posts\/3075\/revisions\/3077"}],"wp:featuredmedia":[{"embeddable":true,"href":"https:\/\/agora.xtec.cat\/ceip-valdelors-vandellos\/wp-json\/wp\/v2\/media\/3076"}],"wp:attachment":[{"href":"https:\/\/agora.xtec.cat\/ceip-valdelors-vandellos\/wp-json\/wp\/v2\/media?parent=3075"}],"wp:term":[{"taxonomy":"category","embeddable":true,"href":"https:\/\/agora.xtec.cat\/ceip-valdelors-vandellos\/wp-json\/wp\/v2\/categories?post=3075"},{"taxonomy":"post_tag","embeddable":true,"href":"https:\/\/agora.xtec.cat\/ceip-valdelors-vandellos\/wp-json\/wp\/v2\/tags?post=3075"}],"curies":[{"name":"wp","href":"https:\/\/api.w.org\/{rel}","templated":true}]}}